{"id":18045,"date":"2024-02-28T14:49:48","date_gmt":"2024-02-28T14:49:48","guid":{"rendered":"http:\/\/staging.ibermusicas.org\/?p=18045"},"modified":"2024-03-27T03:20:08","modified_gmt":"2024-03-27T03:20:08","slug":"a-cantora-karina-beorlegui-apresenta-em-buenos-aires-seu-album-encuentro-amalia-gardel","status":"publish","type":"post","link":"http:\/\/staging.ibermusicas.org\/index.php\/a-cantora-karina-beorlegui-apresenta-em-buenos-aires-seu-album-encuentro-amalia-gardel\/","title":{"rendered":"A cantora Karina Beorlegui apresenta em Buenos Aires seu \u00e1lbum Encuentro Amalia &#8211; Gardel"},"content":{"rendered":"<p>Encuentro Amalia &#8211; Gardel \u00e9 um \u00e1lbum de tango e fado indicado ao Pr\u00eamio Carlos Gardel. Foi lan\u00e7ado pelo selo Acqua Records em 2023 e produzido entre Argentina e Portugal com o apoio do Iberm\u00fasicas por meio de suas Ajudas ao Setor Musical em Modalidade Virtual. Encuentro Am\u00e1lia-Gardel \u00e9 um \u00e1lbum de homenagem a essas duas grandes figuras emblem\u00e1ticas da m\u00fasica de Buenos Aires e Lisboa. Este trabalho tamb\u00e9m conta com o apoio da Funda\u00e7\u00e3o Am\u00e1lia Rodrigues, de Portugal, e da Academia Nacional del Tango, da Argentina.<\/p>\n<p>&nbsp;<\/p>\n<p>Karina Beorlegui se apresentar\u00e1 pela primeira vez no Don Narciso, um espa\u00e7o de cultura popular que agora funciona no m\u00edtico lugar hist\u00f3rico La Flor de Barracas, que tem 118 anos. Ela ser\u00e1 acompanhada por Nacho Cabello na guitarra portuguesa e no viol\u00e3o crioulo.<\/p>\n<p>&nbsp;<\/p>\n<p>Karina Beorlegui \u00e9 cantora, produtora e atriz. Ide\u00f3loga e produtora geral dos cinco Festivais de Fado e Tango de Buenos Aires realizados em Buenos Aires (2012, 2014, 2017, 2019 e 2021) que contaram com um line up de mais de 60 artistas, entre eles os portugueses; Mafalda Arnauth, Z\u00e9 Perdig\u00e3o, N\u00e9 Barandas, Bruno Costa, Paulo Valentin e Fernanda Paulo. Durante 10 anos, produziu e apresentou seu pr\u00f3prio ciclo de tango, fado e outros ritmos portugueses, o \u00abFado Tango Club\u00bb, no CAFF.<\/p>\n<p>&nbsp;<\/p>\n<p>Em seu duplo papel de atriz e cantora, trabalhou com o renomado escritor e apresentador Alejandro Dolina em \u00abTangos del Bar del Infierno\u00bb, al\u00e9m de estrelar a \u00f3pera \u00abLo que me cost\u00f3 el amor de Laura\u00bb, e a miniss\u00e9rie de TV \u00abRecordando El show de Alejandro Molina\u00bb. Tamb\u00e9m atuou na pe\u00e7a \u00abEl Romance del Romeo y la Julieta\u00bb.<\/p>\n<p>&nbsp;<\/p>\n<ul>\n<li>Sexta-feira, 15 de mar\u00e7o, 21h, no Clube Don Narciso, Arcamendia 780, Barracas, CABA (La Flor de Barracas)<\/li>\n<\/ul>\n<p>&nbsp;<\/p>\n<p><a href=\"https:\/\/orcd.co\/xj8ok6m?fbclid=IwAR0wOlHzyBOIrTdp7lFpgPCZLrQKJ_BtsS_jzhdshmiql-bvol4enu8l_MA\">https:\/\/orcd.co\/xj8ok6m?fbclid=IwAR0wOlHzyBOIrTdp7lFpgPCZLrQKJ_BtsS_jzhdshmiql-bvol4enu8l_MA<\/a><\/p>\n","protected":false},"excerpt":{"rendered":"<p>Encuentro Amalia &#8211; Gardel \u00e9 um \u00e1lbum de tango e fado indicado ao Pr\u00eamio Carlos Gardel. Foi lan\u00e7ado pelo selo Acqua Records em 2023 e produzido entre Argentina e Portugal com o apoio do Iberm\u00fasicas por meio de suas Ajudas ao Setor Musical em Modalidade Virtual. Encuentro Am\u00e1lia-Gardel \u00e9 um \u00e1lbum de homenagem a essas [&hellip;]<\/p>\n","protected":false},"author":7,"featured_media":18043,"comment_status":"closed","ping_status":"closed","sticky":false,"template":"","format":"standard","meta":{"footnotes":""},"categories":[218],"tags":[],"class_list":["post-18045","post","type-post","status-publish","format-standard","has-post-thumbnail","hentry","category-noticias-generales-pt"],"lang":"pt","translations":{"pt":18045,"es":18042},"pll_sync_post":[],"post_mailing_queue_ids":[],"_links":{"self":[{"href":"http:\/\/staging.ibermusicas.org\/index.php\/wp-json\/wp\/v2\/posts\/18045","targetHints":{"allow":["GET"]}}],"collection":[{"href":"http:\/\/staging.ibermusicas.org\/index.php\/wp-json\/wp\/v2\/posts"}],"about":[{"href":"http:\/\/staging.ibermusicas.org\/index.php\/wp-json\/wp\/v2\/types\/post"}],"author":[{"embeddable":true,"href":"http:\/\/staging.ibermusicas.org\/index.php\/wp-json\/wp\/v2\/users\/7"}],"replies":[{"embeddable":true,"href":"http:\/\/staging.ibermusicas.org\/index.php\/wp-json\/wp\/v2\/comments?post=18045"}],"version-history":[{"count":1,"href":"http:\/\/staging.ibermusicas.org\/index.php\/wp-json\/wp\/v2\/posts\/18045\/revisions"}],"predecessor-version":[{"id":18046,"href":"http:\/\/staging.ibermusicas.org\/index.php\/wp-json\/wp\/v2\/posts\/18045\/revisions\/18046"}],"wp:featuredmedia":[{"embeddable":true,"href":"http:\/\/staging.ibermusicas.org\/index.php\/wp-json\/wp\/v2\/media\/18043"}],"wp:attachment":[{"href":"http:\/\/staging.ibermusicas.org\/index.php\/wp-json\/wp\/v2\/media?parent=18045"}],"wp:term":[{"taxonomy":"category","embeddable":true,"href":"http:\/\/staging.ibermusicas.org\/index.php\/wp-json\/wp\/v2\/categories?post=18045"},{"taxonomy":"post_tag","embeddable":true,"href":"http:\/\/staging.ibermusicas.org\/index.php\/wp-json\/wp\/v2\/tags?post=18045"}],"curies":[{"name":"wp","href":"https:\/\/api.w.org\/{rel}","templated":true}]}}