{"id":18047,"date":"2024-02-28T14:52:01","date_gmt":"2024-02-28T14:52:01","guid":{"rendered":"http:\/\/staging.ibermusicas.org\/?p=18047"},"modified":"2024-02-28T14:52:01","modified_gmt":"2024-02-28T14:52:01","slug":"comienza-la-inscripcion-para-el-taller-online-y-gratuito-de-acordeon-impartido-por-matias-rojas-y-toninho-ferragutti","status":"publish","type":"post","link":"http:\/\/staging.ibermusicas.org\/index.php\/comienza-la-inscripcion-para-el-taller-online-y-gratuito-de-acordeon-impartido-por-matias-rojas-y-toninho-ferragutti\/","title":{"rendered":"Comienza la inscripci\u00f3n para el taller online y gratuito de acorde\u00f3n impartido por Mat\u00edas Rojas y Toninho Ferragutti"},"content":{"rendered":"<p>El Taller de especializaci\u00f3n tiene como objetivo perfeccionar y profundizar en el estudio t\u00e9cnico y estil\u00edstico del acorde\u00f3n en la m\u00fasica popular, y en base a esto fortalecer el lazo entre instrumentistas chilenos, brasile\u00f1os y de otras partes del mundo que asistan a las clases.<\/p>\n<p>&nbsp;<\/p>\n<p>Se busca entregar elementos t\u00e9cnicos, interpretativos y estil\u00edsticos para el estudio del acorde\u00f3n y la m\u00fasica popular. En base a esto se espera que los asistentes del taller puedan obtener herramientas tanto pr\u00e1cticas como te\u00f3ricas, para abordar alg\u00fan repertorio o pieza musical dentro de estos estilos a estudiar, y proyectar una rutina de estudios propia en base a las materias expuestas.<\/p>\n<p>&nbsp;<\/p>\n<p>Por otro lado se procura incentivar el desarrollo del estudio y perfeccionamiento del acorde\u00f3n en Chile y contribuir tambi\u00e9n al patrimonio cultural musical chileno, relacionando elementos musicales y est\u00e9ticos de pa\u00edses cercanos, en este caso con el profesor convidado de brasil Toninho Ferragutti.<\/p>\n<p>&nbsp;<\/p>\n<p>Las inscripciones comenzar\u00e1n la segunda semana de marzo con un l\u00edmite de 50 asistentes\/estudiantes. El curso se llevar\u00e1 a cabo a lo largo de 12 semanas, con una clase programada por semana. Las clases comenzar\u00e1n durante la semana del 1 de Abril y se extender\u00e1n hasta el 30 de junio del a\u00f1o 2024.<\/p>\n<p>&nbsp;<\/p>\n<ul>\n<li>Inscripciones en: <a href=\"mailto:mati.fuelles@gmail.com\">fuelles@gmail.com<\/a><\/li>\n<\/ul>\n","protected":false},"excerpt":{"rendered":"<p>El Taller de especializaci\u00f3n tiene como objetivo perfeccionar y profundizar en el estudio t\u00e9cnico y estil\u00edstico del acorde\u00f3n en la m\u00fasica popular, y en base a esto fortalecer el lazo entre instrumentistas chilenos, brasile\u00f1os y de otras partes del mundo que asistan a las clases. &nbsp; Se busca entregar elementos t\u00e9cnicos, interpretativos y estil\u00edsticos para [&hellip;]<\/p>\n","protected":false},"author":7,"featured_media":18048,"comment_status":"closed","ping_status":"closed","sticky":false,"template":"","format":"standard","meta":{"footnotes":""},"categories":[53],"tags":[],"class_list":["post-18047","post","type-post","status-publish","format-standard","has-post-thumbnail","hentry","category-noticias-generales"],"lang":"es","translations":{"es":18047,"pt":18050},"pll_sync_post":[],"post_mailing_queue_ids":[],"_links":{"self":[{"href":"http:\/\/staging.ibermusicas.org\/index.php\/wp-json\/wp\/v2\/posts\/18047","targetHints":{"allow":["GET"]}}],"collection":[{"href":"http:\/\/staging.ibermusicas.org\/index.php\/wp-json\/wp\/v2\/posts"}],"about":[{"href":"http:\/\/staging.ibermusicas.org\/index.php\/wp-json\/wp\/v2\/types\/post"}],"author":[{"embeddable":true,"href":"http:\/\/staging.ibermusicas.org\/index.php\/wp-json\/wp\/v2\/users\/7"}],"replies":[{"embeddable":true,"href":"http:\/\/staging.ibermusicas.org\/index.php\/wp-json\/wp\/v2\/comments?post=18047"}],"version-history":[{"count":1,"href":"http:\/\/staging.ibermusicas.org\/index.php\/wp-json\/wp\/v2\/posts\/18047\/revisions"}],"predecessor-version":[{"id":18049,"href":"http:\/\/staging.ibermusicas.org\/index.php\/wp-json\/wp\/v2\/posts\/18047\/revisions\/18049"}],"wp:featuredmedia":[{"embeddable":true,"href":"http:\/\/staging.ibermusicas.org\/index.php\/wp-json\/wp\/v2\/media\/18048"}],"wp:attachment":[{"href":"http:\/\/staging.ibermusicas.org\/index.php\/wp-json\/wp\/v2\/media?parent=18047"}],"wp:term":[{"taxonomy":"category","embeddable":true,"href":"http:\/\/staging.ibermusicas.org\/index.php\/wp-json\/wp\/v2\/categories?post=18047"},{"taxonomy":"post_tag","embeddable":true,"href":"http:\/\/staging.ibermusicas.org\/index.php\/wp-json\/wp\/v2\/tags?post=18047"}],"curies":[{"name":"wp","href":"https:\/\/api.w.org\/{rel}","templated":true}]}}