{"id":18120,"date":"2024-03-11T17:31:30","date_gmt":"2024-03-11T17:31:30","guid":{"rendered":"http:\/\/staging.ibermusicas.org\/?p=18120"},"modified":"2024-05-21T16:44:20","modified_gmt":"2024-05-21T16:44:20","slug":"se-anuncia-el-proyecto-ganador-de-la-convocatoria-especial-chile-micsur-ibermusicas-2","status":"publish","type":"post","link":"http:\/\/staging.ibermusicas.org\/index.php\/se-anuncia-el-proyecto-ganador-de-la-convocatoria-especial-chile-micsur-ibermusicas-2\/","title":{"rendered":"Se anuncia el proyecto ganador de la convocatoria especial Chile &#8211; MICSUR &#8211; Iberm\u00fasicas"},"content":{"rendered":"<p>Con el \u00e1nimo de celebrar la Cooperaci\u00f3n Cultural Iberoamericana en el marco del Encuentro Internacional de las Econom\u00edas Creativas MICSUR 2024 a realizarse en la ciudad de Santiago de Chile entre el 17 al 20 de abril, Iberm\u00fasicas junto al Ministerio de las Artes, las Culturas y el Patrimonio de Chile dise\u00f1aron una convocatoria especial tendiente a potenciar el encuentro art\u00edstico entre artistas musicales de los nueve pa\u00edses que hacen parte de este encuentro: Argentina, Brasil, Bolivia, Chile, Colombia, Ecuador, Paraguay, Per\u00fa o Uruguay.<\/p>\n<p>Mediante esta convocatoria se invit\u00f3 a agrupaciones chilenas a presentar propuestas que contaran con la colaboraci\u00f3n de artistas de al menos dos de los pa\u00edses participantes del MICSUR para la realizaci\u00f3n de intervenciones musicales a lo largo de las jornadas de dicho evento y en un concierto en el cierre.<\/p>\n<p>La propuesta seleccionada y premiada con 10.000 USD (diez mil d\u00f3lares) es <strong>AM\u00c9RICA MORENA<\/strong>: un encuentro musical multicultural que transitar\u00e1 entre la herencia sonora de Los Andes y Afroam\u00e9rica. El Programa en conjunto con Mar\u00eda Mulata y Nadia Larcher contempla obras de estas dos destacadas m\u00fasicas de Latinoam\u00e9rica acompa\u00f1adas de la <strong>Orquesta Andina<\/strong> (Premio Pulsar 2017) con arreglos orquestales de F\u00e9lix C\u00e1rdenas (Premio Pulsar 2015).<\/p>\n<p><strong>Nadia Larcher<\/strong>, cantora, ta\u00f1edora de tinyas, investigadora de las m\u00fasicas m\u00e1s antiguas de su norte argentino, guitarrera y compositora, desde los diez a\u00f1os recorre pueblos cantando y aprendiendo a cantar.<\/p>\n<p><strong>Mar\u00eda Mulata<\/strong>, cantautora e investigadora de la m\u00fasica colombiana afrodescendiente, nominada a los Grammy Latinos en 2013, 2018 y 2023, como tambi\u00e9n ganadora del Festival de Vi\u00f1a del Mar, en el a\u00f1o 2007 en la competencia folcl\u00f3rica.<\/p>\n<p>Todos juntos dar\u00e1n vida a un montaje que rememorar\u00e1 el canto femenino y sonidos de Los Andes en un di\u00e1logo fraterno con la m\u00fasica afrodescendiente de Colombia.<\/p>\n","protected":false},"excerpt":{"rendered":"<p>Con el \u00e1nimo de celebrar la Cooperaci\u00f3n Cultural Iberoamericana en el marco del Encuentro Internacional de las Econom\u00edas Creativas MICSUR 2024 a realizarse en la ciudad de Santiago de Chile entre el 17 al 20 de abril, Iberm\u00fasicas junto al Ministerio de las Artes, las Culturas y el Patrimonio de Chile dise\u00f1aron una convocatoria especial [&hellip;]<\/p>\n","protected":false},"author":7,"featured_media":17787,"comment_status":"closed","ping_status":"closed","sticky":false,"template":"","format":"standard","meta":{"footnotes":""},"categories":[53],"tags":[],"class_list":["post-18120","post","type-post","status-publish","format-standard","has-post-thumbnail","hentry","category-noticias-generales"],"lang":"es","translations":{"es":18120,"pt":18122},"pll_sync_post":[],"post_mailing_queue_ids":[],"_links":{"self":[{"href":"http:\/\/staging.ibermusicas.org\/index.php\/wp-json\/wp\/v2\/posts\/18120","targetHints":{"allow":["GET"]}}],"collection":[{"href":"http:\/\/staging.ibermusicas.org\/index.php\/wp-json\/wp\/v2\/posts"}],"about":[{"href":"http:\/\/staging.ibermusicas.org\/index.php\/wp-json\/wp\/v2\/types\/post"}],"author":[{"embeddable":true,"href":"http:\/\/staging.ibermusicas.org\/index.php\/wp-json\/wp\/v2\/users\/7"}],"replies":[{"embeddable":true,"href":"http:\/\/staging.ibermusicas.org\/index.php\/wp-json\/wp\/v2\/comments?post=18120"}],"version-history":[{"count":5,"href":"http:\/\/staging.ibermusicas.org\/index.php\/wp-json\/wp\/v2\/posts\/18120\/revisions"}],"predecessor-version":[{"id":18139,"href":"http:\/\/staging.ibermusicas.org\/index.php\/wp-json\/wp\/v2\/posts\/18120\/revisions\/18139"}],"wp:featuredmedia":[{"embeddable":true,"href":"http:\/\/staging.ibermusicas.org\/index.php\/wp-json\/wp\/v2\/media\/17787"}],"wp:attachment":[{"href":"http:\/\/staging.ibermusicas.org\/index.php\/wp-json\/wp\/v2\/media?parent=18120"}],"wp:term":[{"taxonomy":"category","embeddable":true,"href":"http:\/\/staging.ibermusicas.org\/index.php\/wp-json\/wp\/v2\/categories?post=18120"},{"taxonomy":"post_tag","embeddable":true,"href":"http:\/\/staging.ibermusicas.org\/index.php\/wp-json\/wp\/v2\/tags?post=18120"}],"curies":[{"name":"wp","href":"https:\/\/api.w.org\/{rel}","templated":true}]}}