{"id":18122,"date":"2024-03-11T17:33:18","date_gmt":"2024-03-11T17:33:18","guid":{"rendered":"http:\/\/staging.ibermusicas.org\/?p=18122"},"modified":"2024-05-21T16:44:46","modified_gmt":"2024-05-21T16:44:46","slug":"e-anunciado-o-projeto-vencedor-do-concurso-especial-chile-micsur-ibermusicas-2","status":"publish","type":"post","link":"http:\/\/staging.ibermusicas.org\/index.php\/e-anunciado-o-projeto-vencedor-do-concurso-especial-chile-micsur-ibermusicas-2\/","title":{"rendered":"\u00c9 anunciado o projeto vencedor do concurso especial Chile &#8211; MICSUR &#8211; Iberm\u00fasicas"},"content":{"rendered":"<p>Com o objetivo de celebrar a Coopera\u00e7\u00e3o Cultural Ibero-Americana no \u00e2mbito do Encontro Internacional de Economias Criativas MICSUR 2024, que ter\u00e1 lugar na cidade de Santiago do Chile de 17 a 20 de abril, o Programa Iberm\u00fasicas, juntamente com o Minist\u00e9rio das Artes, Culturas e Patrim\u00f3nio do Chile, concebeu uma convocat\u00f3ria especial para promover o encontro entre artistas musicais dos nove pa\u00edses que fazem parte do MICSUR: Argentina, Brasil, Bol\u00edvia, Chile, Col\u00f4mbia, Equador, Paraguai, Peru e Uruguai.<\/p>\n<p>Atrav\u00e9s desta convocat\u00f3ria, grupos chilenos foram convidados a apresentar propostas com a colabora\u00e7\u00e3o de artistas de pelo menos dois dos pa\u00edses participantes do MICSUR para realizar interven\u00e7\u00f5es musicais ao longo dos dias do evento e num concerto de encerramento.<\/p>\n<p>A proposta selecionada e premiada com 10.000 USD (dez mil d\u00f3lares) \u00e9 <strong>AM\u00c9RICA MORENA<\/strong>: um encontro musical multicultural que se mover\u00e1 entre o patrim\u00f3nio sonoro dos Andes e da Afro-Am\u00e9rica. O programa conjunto com Mar\u00eda Mulata (Col\u00f4mbia) e Nadia Larcher (Argentina) inclui obras destas duas destacadas musicistas latino-americanas acompanhadas pela <strong>Orquesta Andina<\/strong> (Pr\u00e9mio Pulsar 2017) com arranjos orquestrais de F\u00e9lix C\u00e1rdenas (Pr\u00e9mio Pulsar 2015).<\/p>\n<p><strong>Nadia Larcher<\/strong>, cantora, tocadora de tinya, investigadora da m\u00fasica mais antiga do seu norte argentino, guitarrista e compositora, percorre as aldeias cantando e aprendendo a cantar desde os dez anos de idade.<\/p>\n<p><strong>Mar\u00eda Mulata<\/strong>, cantora, compositora e investigadora da m\u00fasica colombiana afro-descendente, nomeada para os pr\u00e9mios Grammy Latino em 2013, 2018 e 2023, bem como vencedora do Festival de Vi\u00f1a del Mar em 2007 no concurso folcl\u00f3rico.<\/p>\n<p>Juntos dar\u00e3o vida a um espet\u00e1culo que recordar\u00e1 o canto e os sons femininos dos Andes num di\u00e1logo fraterno com a m\u00fasica afrodescendente da Col\u00f4mbia.<\/p>\n","protected":false},"excerpt":{"rendered":"<p>Com o objetivo de celebrar a Coopera\u00e7\u00e3o Cultural Ibero-Americana no \u00e2mbito do Encontro Internacional de Economias Criativas MICSUR 2024, que ter\u00e1 lugar na cidade de Santiago do Chile de 17 a 20 de abril, o Programa Iberm\u00fasicas, juntamente com o Minist\u00e9rio das Artes, Culturas e Patrim\u00f3nio do Chile, concebeu uma convocat\u00f3ria especial para promover o [&hellip;]<\/p>\n","protected":false},"author":7,"featured_media":17787,"comment_status":"closed","ping_status":"closed","sticky":false,"template":"","format":"standard","meta":{"footnotes":""},"categories":[218],"tags":[],"class_list":["post-18122","post","type-post","status-publish","format-standard","has-post-thumbnail","hentry","category-noticias-generales-pt"],"lang":"pt","translations":{"pt":18122,"es":18120},"pll_sync_post":[],"post_mailing_queue_ids":[],"_links":{"self":[{"href":"http:\/\/staging.ibermusicas.org\/index.php\/wp-json\/wp\/v2\/posts\/18122","targetHints":{"allow":["GET"]}}],"collection":[{"href":"http:\/\/staging.ibermusicas.org\/index.php\/wp-json\/wp\/v2\/posts"}],"about":[{"href":"http:\/\/staging.ibermusicas.org\/index.php\/wp-json\/wp\/v2\/types\/post"}],"author":[{"embeddable":true,"href":"http:\/\/staging.ibermusicas.org\/index.php\/wp-json\/wp\/v2\/users\/7"}],"replies":[{"embeddable":true,"href":"http:\/\/staging.ibermusicas.org\/index.php\/wp-json\/wp\/v2\/comments?post=18122"}],"version-history":[{"count":4,"href":"http:\/\/staging.ibermusicas.org\/index.php\/wp-json\/wp\/v2\/posts\/18122\/revisions"}],"predecessor-version":[{"id":18140,"href":"http:\/\/staging.ibermusicas.org\/index.php\/wp-json\/wp\/v2\/posts\/18122\/revisions\/18140"}],"wp:featuredmedia":[{"embeddable":true,"href":"http:\/\/staging.ibermusicas.org\/index.php\/wp-json\/wp\/v2\/media\/17787"}],"wp:attachment":[{"href":"http:\/\/staging.ibermusicas.org\/index.php\/wp-json\/wp\/v2\/media?parent=18122"}],"wp:term":[{"taxonomy":"category","embeddable":true,"href":"http:\/\/staging.ibermusicas.org\/index.php\/wp-json\/wp\/v2\/categories?post=18122"},{"taxonomy":"post_tag","embeddable":true,"href":"http:\/\/staging.ibermusicas.org\/index.php\/wp-json\/wp\/v2\/tags?post=18122"}],"curies":[{"name":"wp","href":"https:\/\/api.w.org\/{rel}","templated":true}]}}