{"id":18144,"date":"2024-03-14T13:09:19","date_gmt":"2024-03-14T13:09:19","guid":{"rendered":"http:\/\/staging.ibermusicas.org\/?p=18144"},"modified":"2024-03-27T03:23:08","modified_gmt":"2024-03-27T03:23:08","slug":"el-festival-expresiones-contemporaneas-presenta-la-convocatoria-resonancias-iberoamericanas-para-su-laboratorio-de-composicion-de-musica-electroacustica-mixta","status":"publish","type":"post","link":"http:\/\/staging.ibermusicas.org\/index.php\/el-festival-expresiones-contemporaneas-presenta-la-convocatoria-resonancias-iberoamericanas-para-su-laboratorio-de-composicion-de-musica-electroacustica-mixta\/","title":{"rendered":"El Festival Expresiones Contempor\u00e1neas presenta la convocatoria Resonancias Iberoamericanas para su Laboratorio de Composici\u00f3n de M\u00fasica Electroac\u00fastica Mixta"},"content":{"rendered":"<p>El Festival Expresiones Contempor\u00e1neas en colaboraci\u00f3n con el Centro de Experimentaci\u00f3n y Producci\u00f3n de Artes Sonoras, Inter y Transdisciplina (CEPROASIT), Anachrony Records, el Ensamble FEC, Mirtru Escalona Mijares y el Centro Mexicano para la M\u00fasica y las Artes Sonoras (CMMAS), anuncia la convocatoria: Resonancias Iberoamericanas: Laboratorio de composici\u00f3n de m\u00fasica electroac\u00fastica mixta para su estreno virtual, dirigido a compositores y compositoras de los pa\u00edses miembros de Iberm\u00fasicas: Argentina, Brasil, Chile, Colombia, Costa Rica, Cuba, Ecuador, Espa\u00f1a, M\u00e9xico, Panam\u00e1, Paraguay, Per\u00fa, Portugal, Uruguay y Venezuela.<\/p>\n<p>&nbsp;<\/p>\n<p>Podr\u00e1n participar compositores y compositoras sin restricci\u00f3n de edad de los pa\u00edses miembros de Iberm\u00fasicas. Se seleccionar\u00e1n un total de 6 compositores\/as: 3 compositores y 3 compositoras de diferente nacionalidad que participar\u00e1n del laboratorio del Ensamble de Experimentaci\u00f3n en Artes Sonoras del Festival Expresiones Contempor\u00e1neas, bajo la tutor\u00eda del compositor franco-venezolano Mirtru Escalona Mijares, profesor titular de arte adscrito a la Ciudad de Versalles y al Conservatorio Departamental Iannis Xenakis de \u00c9vry-Courcouronnes.<\/p>\n<p>&nbsp;<\/p>\n<p>Durante el laboratorio los compositores\/as participantes realizar\u00e1n un proyecto de composici\u00f3n electroac\u00fastica mixta o con live electronics para un instrumento solista. La obra resultante ser\u00e1 interpretada por uno de los miembros del Ensamble FEC de acuerdo al instrumento correspondiente. Las obras deber\u00e1n tener una duraci\u00f3n aproximada de entre 5 y 8 minutos.<\/p>\n<p>&nbsp;<\/p>\n<p>El laboratorio incluye:<\/p>\n<ul>\n<li>Taller magistral de composici\u00f3n y nuevas tecnolog\u00edas impartido por el profesor Mirtru Escalona Mijares a trav\u00e9s de CEPROASIT.<\/li>\n<li>Revisi\u00f3n magistral de las obras por parte de Mirtru Escalona Mijares.<\/li>\n<li>6 conferencias magistrales sobre t\u00e9cnicas, recursos y posibilidades de los instrumentos, impartidas por los miembros del Ensamble FEC a trav\u00e9s de CEPROASIT.<\/li>\n<li>Revisi\u00f3n de las obras por parte del Ensamble FEC de acuerdo al instrumento correspondiente.<\/li>\n<li>Interpretaci\u00f3n y grabaci\u00f3n de las obras por los miembros del Ensamble FEC.<\/li>\n<li>Grabaci\u00f3n y producci\u00f3n de las obras en calidad Full HD para su estreno y difusi\u00f3n virtual.<\/li>\n<li>Concierto presencial en el marco del Festival Expresiones Contempor\u00e1neas.<\/li>\n<li>Producci\u00f3n discogr\u00e1fica y lanzamiento en plataformas digitales del \u00e1lbum \u201cResonancias Iberoamericanas\u201d por medio del sello Anachrony Records.<\/li>\n<\/ul>\n<p>&nbsp;<\/p>\n<p>Este proyecto es realizado con el apoyo de Iberm\u00fasicas.<\/p>\n<p>&nbsp;<\/p>\n<p>M\u00e1s informaci\u00f3n en:<\/p>\n<p><a href=\"https:\/\/expresionescontempo.wixsite.com\/fecpuebla\/inicio\">https:\/\/expresionescontempo.wixsite.com\/fecpuebla\/inicio<\/a><\/p>\n<p>&nbsp;<\/p>\n<p>Contacto:<\/p>\n<p><a href=\"mailto:expresionescontemporaneasfest@gmail.com\">expresionescontemporaneasfest@gmail.com<\/a><\/p>\n","protected":false},"excerpt":{"rendered":"<p>El Festival Expresiones Contempor\u00e1neas en colaboraci\u00f3n con el Centro de Experimentaci\u00f3n y Producci\u00f3n de Artes Sonoras, Inter y Transdisciplina (CEPROASIT), Anachrony Records, el Ensamble FEC, Mirtru Escalona Mijares y el Centro Mexicano para la M\u00fasica y las Artes Sonoras (CMMAS), anuncia la convocatoria: Resonancias Iberoamericanas: Laboratorio de composici\u00f3n de m\u00fasica electroac\u00fastica mixta para su estreno [&hellip;]<\/p>\n","protected":false},"author":7,"featured_media":18145,"comment_status":"closed","ping_status":"closed","sticky":false,"template":"","format":"standard","meta":{"footnotes":""},"categories":[53],"tags":[],"class_list":["post-18144","post","type-post","status-publish","format-standard","has-post-thumbnail","hentry","category-noticias-generales"],"lang":"es","translations":{"es":18144,"pt":18147},"pll_sync_post":[],"post_mailing_queue_ids":[],"_links":{"self":[{"href":"http:\/\/staging.ibermusicas.org\/index.php\/wp-json\/wp\/v2\/posts\/18144","targetHints":{"allow":["GET"]}}],"collection":[{"href":"http:\/\/staging.ibermusicas.org\/index.php\/wp-json\/wp\/v2\/posts"}],"about":[{"href":"http:\/\/staging.ibermusicas.org\/index.php\/wp-json\/wp\/v2\/types\/post"}],"author":[{"embeddable":true,"href":"http:\/\/staging.ibermusicas.org\/index.php\/wp-json\/wp\/v2\/users\/7"}],"replies":[{"embeddable":true,"href":"http:\/\/staging.ibermusicas.org\/index.php\/wp-json\/wp\/v2\/comments?post=18144"}],"version-history":[{"count":1,"href":"http:\/\/staging.ibermusicas.org\/index.php\/wp-json\/wp\/v2\/posts\/18144\/revisions"}],"predecessor-version":[{"id":18146,"href":"http:\/\/staging.ibermusicas.org\/index.php\/wp-json\/wp\/v2\/posts\/18144\/revisions\/18146"}],"wp:featuredmedia":[{"embeddable":true,"href":"http:\/\/staging.ibermusicas.org\/index.php\/wp-json\/wp\/v2\/media\/18145"}],"wp:attachment":[{"href":"http:\/\/staging.ibermusicas.org\/index.php\/wp-json\/wp\/v2\/media?parent=18144"}],"wp:term":[{"taxonomy":"category","embeddable":true,"href":"http:\/\/staging.ibermusicas.org\/index.php\/wp-json\/wp\/v2\/categories?post=18144"},{"taxonomy":"post_tag","embeddable":true,"href":"http:\/\/staging.ibermusicas.org\/index.php\/wp-json\/wp\/v2\/tags?post=18144"}],"curies":[{"name":"wp","href":"https:\/\/api.w.org\/{rel}","templated":true}]}}