{"id":18147,"date":"2024-03-14T13:10:50","date_gmt":"2024-03-14T13:10:50","guid":{"rendered":"http:\/\/staging.ibermusicas.org\/?p=18147"},"modified":"2024-03-27T03:20:01","modified_gmt":"2024-03-27T03:20:01","slug":"o-festival-expresiones-contemporaneas-apresenta-a-convocatoria-resonancias-iberoamericanas-para-o-seu-laboratorio-de-composicao-de-musica-mista-electroacustica","status":"publish","type":"post","link":"http:\/\/staging.ibermusicas.org\/index.php\/o-festival-expresiones-contemporaneas-apresenta-a-convocatoria-resonancias-iberoamericanas-para-o-seu-laboratorio-de-composicao-de-musica-mista-electroacustica\/","title":{"rendered":"O Festival Expresiones Contempor\u00e1neas apresenta a convocatoria Resonancias Iberoamericanas para o seu Laborat\u00f3rio de Composi\u00e7\u00e3o de M\u00fasica Mista Electroac\u00fastica"},"content":{"rendered":"<p>O Festival Expresiones Contempor\u00e1neas em colabora\u00e7\u00e3o com o Centro de Experimentaci\u00f3n y Producci\u00f3n de Artes Sonoras, Inter y Transdisciplina (CEPROASIT), Anachrony Records, o Ensamble FEC, Mirtru Escalona Mijares e o Centro Mexicano para la M\u00fasica y las Artes Sonoras (CMMAS), anuncia a convocatoria: Resonancias Iberoamericanas: Laboratorio de composici\u00f3n de m\u00fasica electroac\u00fastica mixta para su estreno virtual, destinado a compositores e compositoras dos pa\u00edses membros do Programa Iberm\u00fasicas: Argentina, Brasil, Chile, Col\u00f4mbia, Costa Rica, Cuba, Equador, Espanha, M\u00e9xico, Panam\u00e1, Paraguai, Peru, Portugal, Uruguai e Venezuela.<\/p>\n<p>&nbsp;<\/p>\n<p>Os compositores dos pa\u00edses membros do Programa Iberm\u00fasicas podem participar sem restri\u00e7\u00f5es de idade. Ser\u00e3o seleccionados 6 compositores: 3 compositores masculinos e 3 compositoras femininas de diferentes nacionalidades que participaram no laborat\u00f3rio do Ensamble de Experimentaci\u00f3n en Artes Sonoras do Festival Expresiones Contempor\u00e1neas, sob a tutela do compositor franco-venezuelano Mirtru Escalona Mijares, professor de arte na cidade de Versalhes e no Conservatoire D\u00e9partemental Iannis Xenakis de \u00c9vry-Courcouronnes.<\/p>\n<p>&nbsp;<\/p>\n<p>Durante o laborat\u00f3rio, os compositores participantes produzir\u00e3o um projeto de composi\u00e7\u00e3o electroac\u00fastica mista ou uma composi\u00e7\u00e3o eletr\u00f4nica ao vivo para um instrumento solo. A obra resultante ser\u00e1 executada por um dos membros do Ensemble FEC, de acordo com o instrumento correspondente. As obras dever\u00e3o ter uma dura\u00e7\u00e3o aproximada de 5 a 8 minutos.<\/p>\n<p>&nbsp;<\/p>\n<p>O laborat\u00f3rio inclui:<\/p>\n<ul>\n<li>Workshop de mestrado sobre composi\u00e7\u00e3o e novas tecnologias ministrado pelo professor Mirtru Escalona Mijares atrav\u00e9s do CEPROASIT.<\/li>\n<li>Revis\u00e3o magistral das obras por Mirtru Escalona Mijares.<\/li>\n<li>6 aulas magistrais sobre t\u00e9cnicas, recursos e possibilidades dos instrumentos, ministradas por membros do Ensamble FEC atrav\u00e9s do CEPROASIT.<\/li>\n<li>Revis\u00e3o das obras pelo Ensamble FEC de acordo com o instrumento correspondente.<\/li>\n<li>Execu\u00e7\u00e3o e grava\u00e7\u00e3o das obras pelos membros do Ensamble FEC.<\/li>\n<li>Grava\u00e7\u00e3o e produ\u00e7\u00e3o das obras em qualidade Full HD para a sua estreia e difus\u00e3o virtual.<\/li>\n<li>Concerto ao vivo no \u00e2mbito do Festival Expresiones Contempor\u00e1neas.<\/li>\n<li>Produ\u00e7\u00e3o discogr\u00e1fica e lan\u00e7amento em plataformas digitais do \u00e1lbum \u00abResonancias Iberoamericanas\u00bb atrav\u00e9s da editora Anachrony Records.<\/li>\n<\/ul>\n<p>&nbsp;<\/p>\n<p>Este projeto \u00e9 realizado com o apoio do Iberm\u00fasicas.<\/p>\n<p>&nbsp;<\/p>\n<p>&nbsp;<\/p>\n<p>Mais informa\u00e7\u00f5es em:<\/p>\n<p><a href=\"https:\/\/expresionescontempo.wixsite.com\/fecpuebla\/inicio\">https:\/\/expresionescontempo.wixsite.com\/fecpuebla\/inicio<\/a><\/p>\n<p><u>\u00a0<\/u><\/p>\n<p>Contacto:<\/p>\n<p><a href=\"mailto:expresionescontemporaneasfest@gmail.com\">expresionescontemporaneasfest@gmail.com<\/a><\/p>\n","protected":false},"excerpt":{"rendered":"<p>O Festival Expresiones Contempor\u00e1neas em colabora\u00e7\u00e3o com o Centro de Experimentaci\u00f3n y Producci\u00f3n de Artes Sonoras, Inter y Transdisciplina (CEPROASIT), Anachrony Records, o Ensamble FEC, Mirtru Escalona Mijares e o Centro Mexicano para la M\u00fasica y las Artes Sonoras (CMMAS), anuncia a convocatoria: Resonancias Iberoamericanas: Laboratorio de composici\u00f3n de m\u00fasica electroac\u00fastica mixta para su estreno [&hellip;]<\/p>\n","protected":false},"author":7,"featured_media":18145,"comment_status":"closed","ping_status":"closed","sticky":false,"template":"","format":"standard","meta":{"footnotes":""},"categories":[218],"tags":[],"class_list":["post-18147","post","type-post","status-publish","format-standard","has-post-thumbnail","hentry","category-noticias-generales-pt"],"lang":"pt","translations":{"pt":18147,"es":18144},"pll_sync_post":[],"post_mailing_queue_ids":[],"_links":{"self":[{"href":"http:\/\/staging.ibermusicas.org\/index.php\/wp-json\/wp\/v2\/posts\/18147","targetHints":{"allow":["GET"]}}],"collection":[{"href":"http:\/\/staging.ibermusicas.org\/index.php\/wp-json\/wp\/v2\/posts"}],"about":[{"href":"http:\/\/staging.ibermusicas.org\/index.php\/wp-json\/wp\/v2\/types\/post"}],"author":[{"embeddable":true,"href":"http:\/\/staging.ibermusicas.org\/index.php\/wp-json\/wp\/v2\/users\/7"}],"replies":[{"embeddable":true,"href":"http:\/\/staging.ibermusicas.org\/index.php\/wp-json\/wp\/v2\/comments?post=18147"}],"version-history":[{"count":1,"href":"http:\/\/staging.ibermusicas.org\/index.php\/wp-json\/wp\/v2\/posts\/18147\/revisions"}],"predecessor-version":[{"id":18148,"href":"http:\/\/staging.ibermusicas.org\/index.php\/wp-json\/wp\/v2\/posts\/18147\/revisions\/18148"}],"wp:featuredmedia":[{"embeddable":true,"href":"http:\/\/staging.ibermusicas.org\/index.php\/wp-json\/wp\/v2\/media\/18145"}],"wp:attachment":[{"href":"http:\/\/staging.ibermusicas.org\/index.php\/wp-json\/wp\/v2\/media?parent=18147"}],"wp:term":[{"taxonomy":"category","embeddable":true,"href":"http:\/\/staging.ibermusicas.org\/index.php\/wp-json\/wp\/v2\/categories?post=18147"},{"taxonomy":"post_tag","embeddable":true,"href":"http:\/\/staging.ibermusicas.org\/index.php\/wp-json\/wp\/v2\/tags?post=18147"}],"curies":[{"name":"wp","href":"https:\/\/api.w.org\/{rel}","templated":true}]}}