{"id":18149,"date":"2024-03-14T13:14:25","date_gmt":"2024-03-14T13:14:25","guid":{"rendered":"http:\/\/staging.ibermusicas.org\/?p=18149"},"modified":"2024-03-27T03:23:01","modified_gmt":"2024-03-27T03:23:01","slug":"la-artista-costarricense-ilse-mccarthy-presenta-su-cancion-quiero-volver-ganadora-del-premio-de-ibermusicas-a-la-creacion-de-canciones-2023","status":"publish","type":"post","link":"http:\/\/staging.ibermusicas.org\/index.php\/la-artista-costarricense-ilse-mccarthy-presenta-su-cancion-quiero-volver-ganadora-del-premio-de-ibermusicas-a-la-creacion-de-canciones-2023\/","title":{"rendered":"La artista costarricense Ilse McCarthy presenta su canci\u00f3n \u00abQuiero Volver\u00bb, ganadora del premio de Iberm\u00fasicas a la Creaci\u00f3n de Canciones 2023"},"content":{"rendered":"<p>Con producci\u00f3n musical de Pavel Cortez y mastering de Alan Valdez, \u00abQuiero Volver\u00bb es un viaje musical hacia la infancia perfecta para todos aquellos que recuerdan con nostalgia tiempos m\u00e1s sencillos. Comienza como una emotiva balada que nos transporta al pasado, transform\u00e1ndose en una salsa llena de dicha que celebra los d\u00edas de risas y juego. Con atenci\u00f3n especial a la letra y los arreglos musicales, Ilse, busca transportar al oyente con un sonido natural lleno de matices.<\/p>\n<p>&nbsp;<\/p>\n<p>La canci\u00f3n cuenta con la participaci\u00f3n de 9 m\u00fasicos invitados y refleja la infancia de la artista tanto en M\u00e9xico como en Costa Rica.<\/p>\n<p>&nbsp;<\/p>\n<p>llse McCarthy, originaria de Costa Rica y criada en M\u00e9xico, emerge como una destacada cantautora que vive la m\u00fasica con autenticidad, respaldada con un equipo de talentosos m\u00fasicos y experimentados productores. Desde su juventud, la fascinaci\u00f3n de Ilse por la m\u00fasica la llev\u00f3 a brillar en festivales y proyectos, impuls\u00e1ndola a iniciar su carrera profesional como cantautora a la temprana edad de 15 a\u00f1os.<\/p>\n<p>&nbsp;<\/p>\n<p>&nbsp;<\/p>\n<p><a href=\"https:\/\/open.spotify.com\/intl-es\/track\/0WhgH9f6pjAv5C1QI6JRZn?si=51999fe3bc944fc7\">https:\/\/open.spotify.com\/intl-es\/track\/0WhgH9f6pjAv5C1QI6JRZn?si=51999fe3bc944fc7<\/a><\/p>\n<p>&nbsp;<\/p>\n","protected":false},"excerpt":{"rendered":"<p>Con producci\u00f3n musical de Pavel Cortez y mastering de Alan Valdez, \u00abQuiero Volver\u00bb es un viaje musical hacia la infancia perfecta para todos aquellos que recuerdan con nostalgia tiempos m\u00e1s sencillos. Comienza como una emotiva balada que nos transporta al pasado, transform\u00e1ndose en una salsa llena de dicha que celebra los d\u00edas de risas y [&hellip;]<\/p>\n","protected":false},"author":7,"featured_media":18150,"comment_status":"closed","ping_status":"closed","sticky":false,"template":"","format":"standard","meta":{"footnotes":""},"categories":[53],"tags":[],"class_list":["post-18149","post","type-post","status-publish","format-standard","has-post-thumbnail","hentry","category-noticias-generales"],"lang":"es","translations":{"es":18149,"pt":18152},"pll_sync_post":[],"post_mailing_queue_ids":[],"_links":{"self":[{"href":"http:\/\/staging.ibermusicas.org\/index.php\/wp-json\/wp\/v2\/posts\/18149","targetHints":{"allow":["GET"]}}],"collection":[{"href":"http:\/\/staging.ibermusicas.org\/index.php\/wp-json\/wp\/v2\/posts"}],"about":[{"href":"http:\/\/staging.ibermusicas.org\/index.php\/wp-json\/wp\/v2\/types\/post"}],"author":[{"embeddable":true,"href":"http:\/\/staging.ibermusicas.org\/index.php\/wp-json\/wp\/v2\/users\/7"}],"replies":[{"embeddable":true,"href":"http:\/\/staging.ibermusicas.org\/index.php\/wp-json\/wp\/v2\/comments?post=18149"}],"version-history":[{"count":1,"href":"http:\/\/staging.ibermusicas.org\/index.php\/wp-json\/wp\/v2\/posts\/18149\/revisions"}],"predecessor-version":[{"id":18151,"href":"http:\/\/staging.ibermusicas.org\/index.php\/wp-json\/wp\/v2\/posts\/18149\/revisions\/18151"}],"wp:featuredmedia":[{"embeddable":true,"href":"http:\/\/staging.ibermusicas.org\/index.php\/wp-json\/wp\/v2\/media\/18150"}],"wp:attachment":[{"href":"http:\/\/staging.ibermusicas.org\/index.php\/wp-json\/wp\/v2\/media?parent=18149"}],"wp:term":[{"taxonomy":"category","embeddable":true,"href":"http:\/\/staging.ibermusicas.org\/index.php\/wp-json\/wp\/v2\/categories?post=18149"},{"taxonomy":"post_tag","embeddable":true,"href":"http:\/\/staging.ibermusicas.org\/index.php\/wp-json\/wp\/v2\/tags?post=18149"}],"curies":[{"name":"wp","href":"https:\/\/api.w.org\/{rel}","templated":true}]}}