{"id":18152,"date":"2024-03-14T13:16:21","date_gmt":"2024-03-14T13:16:21","guid":{"rendered":"http:\/\/staging.ibermusicas.org\/?p=18152"},"modified":"2024-03-27T03:19:12","modified_gmt":"2024-03-27T03:19:12","slug":"a-artista-costa-riquenha-ilse-mccarthy-apresenta-sua-cancao-quiero-volver-vencedora-do-premio-ibermusicas-de-criacao-de-cancoes-2023","status":"publish","type":"post","link":"http:\/\/staging.ibermusicas.org\/index.php\/a-artista-costa-riquenha-ilse-mccarthy-apresenta-sua-cancao-quiero-volver-vencedora-do-premio-ibermusicas-de-criacao-de-cancoes-2023\/","title":{"rendered":"A artista costa-riquenha Ilse McCarthy apresenta sua can\u00e7\u00e3o \u00abQuiero Volver\u00bb, vencedora do Pr\u00eamio Iberm\u00fasicas de Cria\u00e7\u00e3o de Can\u00e7\u00f5es 2023"},"content":{"rendered":"<p>Com produ\u00e7\u00e3o musical de Pavel Cortez e masteriza\u00e7\u00e3o de Alan Valdez, \u00abQuiero Volver\u00bb \u00e9 uma viagem musical de volta \u00e0 inf\u00e2ncia, perfeita para todos aqueles que se lembram nostalgicamente de tempos mais simples. Come\u00e7a como uma balada emocional que nos transporta de volta no tempo, transformando-se em uma salsa feliz que celebra os dias de riso e brincadeira. Com aten\u00e7\u00e3o especial \u00e0s letras e aos arranjos musicais, Ilse procura transportar o ouvinte com um som natural e cheio de nuances.<\/p>\n<p>&nbsp;<\/p>\n<p>A m\u00fasica conta com 9 m\u00fasicos convidados e reflete a inf\u00e2ncia da artista no M\u00e9xico e na Costa Rica.<\/p>\n<p>&nbsp;<\/p>\n<p>llse McCarthy, origin\u00e1ria da Costa Rica e criada no M\u00e9xico, surge como uma importante cantora e compositora que vive a m\u00fasica com autenticidade, apoiada por uma equipe de m\u00fasicos talentosos e produtores experientes. Desde a juventude, o fasc\u00ednio de Ilse pela m\u00fasica a levou a brilhar em festivais e projetos, impulsionando-a a iniciar sua carreira profissional como cantora e compositora aos 15 anos de idade.<\/p>\n<p>&nbsp;<\/p>\n<p>&nbsp;<\/p>\n<p><a href=\"https:\/\/open.spotify.com\/intl-es\/track\/0WhgH9f6pjAv5C1QI6JRZn?si=51999fe3bc944fc7\">https:\/\/open.spotify.com\/intl-es\/track\/0WhgH9f6pjAv5C1QI6JRZn?si=51999fe3bc944fc7<\/a><\/p>\n<p>&nbsp;<\/p>\n","protected":false},"excerpt":{"rendered":"<p>Com produ\u00e7\u00e3o musical de Pavel Cortez e masteriza\u00e7\u00e3o de Alan Valdez, \u00abQuiero Volver\u00bb \u00e9 uma viagem musical de volta \u00e0 inf\u00e2ncia, perfeita para todos aqueles que se lembram nostalgicamente de tempos mais simples. Come\u00e7a como uma balada emocional que nos transporta de volta no tempo, transformando-se em uma salsa feliz que celebra os dias de [&hellip;]<\/p>\n","protected":false},"author":7,"featured_media":18150,"comment_status":"closed","ping_status":"closed","sticky":false,"template":"","format":"standard","meta":{"footnotes":""},"categories":[218],"tags":[],"class_list":["post-18152","post","type-post","status-publish","format-standard","has-post-thumbnail","hentry","category-noticias-generales-pt"],"lang":"pt","translations":{"pt":18152,"es":18149},"pll_sync_post":[],"post_mailing_queue_ids":[],"_links":{"self":[{"href":"http:\/\/staging.ibermusicas.org\/index.php\/wp-json\/wp\/v2\/posts\/18152","targetHints":{"allow":["GET"]}}],"collection":[{"href":"http:\/\/staging.ibermusicas.org\/index.php\/wp-json\/wp\/v2\/posts"}],"about":[{"href":"http:\/\/staging.ibermusicas.org\/index.php\/wp-json\/wp\/v2\/types\/post"}],"author":[{"embeddable":true,"href":"http:\/\/staging.ibermusicas.org\/index.php\/wp-json\/wp\/v2\/users\/7"}],"replies":[{"embeddable":true,"href":"http:\/\/staging.ibermusicas.org\/index.php\/wp-json\/wp\/v2\/comments?post=18152"}],"version-history":[{"count":1,"href":"http:\/\/staging.ibermusicas.org\/index.php\/wp-json\/wp\/v2\/posts\/18152\/revisions"}],"predecessor-version":[{"id":18153,"href":"http:\/\/staging.ibermusicas.org\/index.php\/wp-json\/wp\/v2\/posts\/18152\/revisions\/18153"}],"wp:featuredmedia":[{"embeddable":true,"href":"http:\/\/staging.ibermusicas.org\/index.php\/wp-json\/wp\/v2\/media\/18150"}],"wp:attachment":[{"href":"http:\/\/staging.ibermusicas.org\/index.php\/wp-json\/wp\/v2\/media?parent=18152"}],"wp:term":[{"taxonomy":"category","embeddable":true,"href":"http:\/\/staging.ibermusicas.org\/index.php\/wp-json\/wp\/v2\/categories?post=18152"},{"taxonomy":"post_tag","embeddable":true,"href":"http:\/\/staging.ibermusicas.org\/index.php\/wp-json\/wp\/v2\/tags?post=18152"}],"curies":[{"name":"wp","href":"https:\/\/api.w.org\/{rel}","templated":true}]}}