{"id":18154,"date":"2024-03-14T13:20:05","date_gmt":"2024-03-14T13:20:05","guid":{"rendered":"http:\/\/staging.ibermusicas.org\/?p=18154"},"modified":"2024-03-14T13:20:05","modified_gmt":"2024-03-14T13:20:05","slug":"el-artistas-argentino-tomi-lebrero-adelanta-canciones-de-su-nuevo-trabajo-que-aborda-la-obra-del-gran-cancionista-uruguayo-fernando-cabrera","status":"publish","type":"post","link":"http:\/\/staging.ibermusicas.org\/index.php\/el-artistas-argentino-tomi-lebrero-adelanta-canciones-de-su-nuevo-trabajo-que-aborda-la-obra-del-gran-cancionista-uruguayo-fernando-cabrera\/","title":{"rendered":"El artistas argentino Tomi Lebrero adelanta canciones de su nuevo trabajo que aborda la obra del gran cancionista uruguayo Fernando Cabrera"},"content":{"rendered":"<p>El cancionista y bandoneonista argentino Tomi adelanta material de su \u00e1lbum en el cual aborda la riqu\u00edsima obra del cantautor uruguayo Fernando Cabrera. Este proyecto contin\u00faa un di\u00e1logo entre orillas que conlleva a\u00f1os.<\/p>\n<p>&nbsp;<\/p>\n<p>Tomi Lebrero forma parte de un movimiento que en el libro cancionistas del R\u00edo de la Plata (editorial Gourmet musical), Mart\u00edn Graziano se\u00f1al\u00f3 como uno de los m\u00e1s promisorios e importantes del movimiento. Lebrero viene desarrollando su carrera en Argentina donde toca con su grupo \u00bb El Puchero misterioso\u00bb asiduamente. Tambi\u00e9n en Europa y Jap\u00f3n donde suele viajar todos los a\u00f1os. Lebrero se destaca por ser bandoneonista y por tener un sentido de reflexi\u00f3n letr\u00edstica en sus canciones sin duda peculiar dentro de su generaci\u00f3n.<\/p>\n<p>&nbsp;<\/p>\n<p>Fernando Cabrera es un reconocido cancionista. Su particularidad vocal y ciertas decisiones a nivel producci\u00f3n en sus primeros discos lo han dejado en la categor\u00eda de m\u00fasico de culto. Sin embargo, el m\u00fasico goza del mayor de los respetos tanto de sus colegas, periodistas, as\u00ed como de su p\u00fablico que con los a\u00f1os se ha vuelto una masa m\u00e1s que interesante en las dos bandas del r\u00edo y tambi\u00e9n en otros lugares de Iberoam\u00e9rica. Cabrera se caracteriza por ser un letrista fino, capaz de transmitir emociones potentes en su voz y guitarra precisamente arreglada para acompa\u00f1ar cada una de sus palabras.<\/p>\n<p>&nbsp;<\/p>\n<p>Este proyecto cuenta con el apoyo de Iberm\u00fasicas por medio de las Ayudas al Sector Musical en Modalidad Virtual.<\/p>\n<p>&nbsp;<\/p>\n<p>&nbsp;<\/p>\n<ul>\n<li>En marzo en plataformas digitales<\/li>\n<\/ul>\n","protected":false},"excerpt":{"rendered":"<p>El cancionista y bandoneonista argentino Tomi adelanta material de su \u00e1lbum en el cual aborda la riqu\u00edsima obra del cantautor uruguayo Fernando Cabrera. Este proyecto contin\u00faa un di\u00e1logo entre orillas que conlleva a\u00f1os. &nbsp; Tomi Lebrero forma parte de un movimiento que en el libro cancionistas del R\u00edo de la Plata (editorial Gourmet musical), Mart\u00edn [&hellip;]<\/p>\n","protected":false},"author":7,"featured_media":18155,"comment_status":"closed","ping_status":"closed","sticky":false,"template":"","format":"standard","meta":{"footnotes":""},"categories":[53],"tags":[],"class_list":["post-18154","post","type-post","status-publish","format-standard","has-post-thumbnail","hentry","category-noticias-generales"],"lang":"es","translations":{"es":18154,"pt":18157},"pll_sync_post":[],"post_mailing_queue_ids":[],"_links":{"self":[{"href":"http:\/\/staging.ibermusicas.org\/index.php\/wp-json\/wp\/v2\/posts\/18154","targetHints":{"allow":["GET"]}}],"collection":[{"href":"http:\/\/staging.ibermusicas.org\/index.php\/wp-json\/wp\/v2\/posts"}],"about":[{"href":"http:\/\/staging.ibermusicas.org\/index.php\/wp-json\/wp\/v2\/types\/post"}],"author":[{"embeddable":true,"href":"http:\/\/staging.ibermusicas.org\/index.php\/wp-json\/wp\/v2\/users\/7"}],"replies":[{"embeddable":true,"href":"http:\/\/staging.ibermusicas.org\/index.php\/wp-json\/wp\/v2\/comments?post=18154"}],"version-history":[{"count":1,"href":"http:\/\/staging.ibermusicas.org\/index.php\/wp-json\/wp\/v2\/posts\/18154\/revisions"}],"predecessor-version":[{"id":18156,"href":"http:\/\/staging.ibermusicas.org\/index.php\/wp-json\/wp\/v2\/posts\/18154\/revisions\/18156"}],"wp:featuredmedia":[{"embeddable":true,"href":"http:\/\/staging.ibermusicas.org\/index.php\/wp-json\/wp\/v2\/media\/18155"}],"wp:attachment":[{"href":"http:\/\/staging.ibermusicas.org\/index.php\/wp-json\/wp\/v2\/media?parent=18154"}],"wp:term":[{"taxonomy":"category","embeddable":true,"href":"http:\/\/staging.ibermusicas.org\/index.php\/wp-json\/wp\/v2\/categories?post=18154"},{"taxonomy":"post_tag","embeddable":true,"href":"http:\/\/staging.ibermusicas.org\/index.php\/wp-json\/wp\/v2\/tags?post=18154"}],"curies":[{"name":"wp","href":"https:\/\/api.w.org\/{rel}","templated":true}]}}