{"id":18157,"date":"2024-03-14T13:21:17","date_gmt":"2024-03-14T13:21:17","guid":{"rendered":"http:\/\/staging.ibermusicas.org\/?p=18157"},"modified":"2024-03-14T13:21:17","modified_gmt":"2024-03-14T13:21:17","slug":"o-artista-argentino-tomi-lebrero-apresenta-cancoes-do-seu-novo-trabalho-que-aborda-a-obra-do-grande-cantor-e-compositor-uruguaio-fernando-cabrera","status":"publish","type":"post","link":"http:\/\/staging.ibermusicas.org\/index.php\/o-artista-argentino-tomi-lebrero-apresenta-cancoes-do-seu-novo-trabalho-que-aborda-a-obra-do-grande-cantor-e-compositor-uruguaio-fernando-cabrera\/","title":{"rendered":"O artista argentino Tomi Lebrero apresenta can\u00e7\u00f5es do seu novo trabalho que aborda a obra do grande cantor e compositor uruguaio Fernando Cabrera"},"content":{"rendered":"<p>O cantor, compositor e bandonionista argentino Tomi Lebrero apresenta o material do seu \u00e1lbum, no qual aborda a riqu\u00edssima obra do cantor e compositor uruguaio Fernando Cabrera. Este projeto d\u00e1 continuidade a um di\u00e1logo entre margens que se prolonga h\u00e1 anos.<\/p>\n<p>&nbsp;<\/p>\n<p>Tomi Lebrero faz parte de um movimento que Mart\u00edn Graziano apontou no livro Cancionistas del R\u00edo de la Plata (Gourmet Musical) como um dos mais promissores e importantes do movimento. Lebrero tem vindo a desenvolver a sua carreira na Argentina, onde actua regularmente com a sua banda \u00abEl Puchero misterioso\u00bb. Tamb\u00e9m na Europa e no Jap\u00e3o, onde viaja todos os anos. Lebrero destaca-se por ser um bandoneonista e por ter um sentido de reflex\u00e3o l\u00edrica nas suas can\u00e7\u00f5es que \u00e9, sem d\u00favida, peculiar dentro da sua gera\u00e7\u00e3o.<\/p>\n<p>&nbsp;<\/p>\n<p>Fernando Cabrera \u00e9 um cantor de renome. A sua peculiaridade vocal e certas decis\u00f5es ao n\u00edvel da produ\u00e7\u00e3o nos seus primeiros \u00e1lbuns deixaram-no na categoria de m\u00fasico de culto. No entanto, o m\u00fasico goza do maior respeito dos seus colegas, jornalistas, bem como do seu p\u00fablico, que ao longo dos anos se tornou uma massa mais do que interessante nas duas bandas do rio e tamb\u00e9m noutras partes da Ibero-Am\u00e9rica. Cabrera caracteriza-se por ser um excelente letrista, capaz de transmitir emo\u00e7\u00f5es fortes na sua voz e na sua guitarra, precisamente arranjada para acompanhar cada uma das suas palavras.<\/p>\n<p>&nbsp;<\/p>\n<p>Este projeto \u00e9 apoiado pelo Programa Iberm\u00fasicas atrav\u00e9s das Ajudas ao Sector Musical em Modalidade Virtual.<\/p>\n<p>&nbsp;<\/p>\n<ul>\n<li>Em mar\u00e7o nas plataformas digitais<\/li>\n<\/ul>\n","protected":false},"excerpt":{"rendered":"<p>O cantor, compositor e bandonionista argentino Tomi Lebrero apresenta o material do seu \u00e1lbum, no qual aborda a riqu\u00edssima obra do cantor e compositor uruguaio Fernando Cabrera. Este projeto d\u00e1 continuidade a um di\u00e1logo entre margens que se prolonga h\u00e1 anos. &nbsp; Tomi Lebrero faz parte de um movimento que Mart\u00edn Graziano apontou no livro [&hellip;]<\/p>\n","protected":false},"author":7,"featured_media":18155,"comment_status":"closed","ping_status":"closed","sticky":false,"template":"","format":"standard","meta":{"footnotes":""},"categories":[218],"tags":[],"class_list":["post-18157","post","type-post","status-publish","format-standard","has-post-thumbnail","hentry","category-noticias-generales-pt"],"lang":"pt","translations":{"pt":18157,"es":18154},"pll_sync_post":[],"post_mailing_queue_ids":[],"_links":{"self":[{"href":"http:\/\/staging.ibermusicas.org\/index.php\/wp-json\/wp\/v2\/posts\/18157","targetHints":{"allow":["GET"]}}],"collection":[{"href":"http:\/\/staging.ibermusicas.org\/index.php\/wp-json\/wp\/v2\/posts"}],"about":[{"href":"http:\/\/staging.ibermusicas.org\/index.php\/wp-json\/wp\/v2\/types\/post"}],"author":[{"embeddable":true,"href":"http:\/\/staging.ibermusicas.org\/index.php\/wp-json\/wp\/v2\/users\/7"}],"replies":[{"embeddable":true,"href":"http:\/\/staging.ibermusicas.org\/index.php\/wp-json\/wp\/v2\/comments?post=18157"}],"version-history":[{"count":1,"href":"http:\/\/staging.ibermusicas.org\/index.php\/wp-json\/wp\/v2\/posts\/18157\/revisions"}],"predecessor-version":[{"id":18158,"href":"http:\/\/staging.ibermusicas.org\/index.php\/wp-json\/wp\/v2\/posts\/18157\/revisions\/18158"}],"wp:featuredmedia":[{"embeddable":true,"href":"http:\/\/staging.ibermusicas.org\/index.php\/wp-json\/wp\/v2\/media\/18155"}],"wp:attachment":[{"href":"http:\/\/staging.ibermusicas.org\/index.php\/wp-json\/wp\/v2\/media?parent=18157"}],"wp:term":[{"taxonomy":"category","embeddable":true,"href":"http:\/\/staging.ibermusicas.org\/index.php\/wp-json\/wp\/v2\/categories?post=18157"},{"taxonomy":"post_tag","embeddable":true,"href":"http:\/\/staging.ibermusicas.org\/index.php\/wp-json\/wp\/v2\/tags?post=18157"}],"curies":[{"name":"wp","href":"https:\/\/api.w.org\/{rel}","templated":true}]}}