{"id":18159,"date":"2024-03-14T13:24:51","date_gmt":"2024-03-14T13:24:51","guid":{"rendered":"http:\/\/staging.ibermusicas.org\/?p=18159"},"modified":"2024-03-14T13:24:51","modified_gmt":"2024-03-14T13:24:51","slug":"cancionero-tradicional-anonimo-de-guanacaste-volumen-iii-parrandeando-con-guilas","status":"publish","type":"post","link":"http:\/\/staging.ibermusicas.org\/index.php\/cancionero-tradicional-anonimo-de-guanacaste-volumen-iii-parrandeando-con-guilas\/","title":{"rendered":"Cancionero Tradicional An\u00f3nimo de Guanacaste vol\u00famen III: Parrandeando con G\u00fcilas"},"content":{"rendered":"<p>Parrandeando con G\u00fcilas es un cancionero infantil an\u00f3nimo de la tradici\u00f3n oral guanacasteca, mesoamericana, latinoamericana e iberoamericana<\/p>\n<p>&nbsp;<\/p>\n<p>Tiene el objetivo de contribuir con la preservaci\u00f3n del acervo musical afromestizo costarricense a trav\u00e9s de diversos g\u00e9neros, de la tradici\u00f3n oral de la provincia del norte de Costa Rica, para as\u00ed garantizar su conservaci\u00f3n como parte de la memoria del patrimonio mundial.<\/p>\n<p>&nbsp;<\/p>\n<p>Se contin\u00faan las grabaciones del cancionero con la invitaci\u00f3n de j\u00f3venes int\u00e9rpretes y artistas guanacastecos como Karol Cabalceta, Malcolm Rojas, Chucho L\u00f3pez; los artistas de otras regiones del pa\u00eds como Oscar Jim\u00e9nez, Margarita Rodr\u00edguez, Berenice, Maf \u00c9 Tul\u00e0, Nativa, Natalia Esquivel, Fabrizio Walker (cantante de \u201cInfibeat\u201d); los artistas nicarag\u00fcenses Carlos \u201cFrijol\u201d Guill\u00e9n Mej\u00eda (cantante de \u201cLa Cuneta Son Mach\u00edn\u201d) Ludwing G\u00f3mez, Olguita Acu\u00f1a y la artista colombiana Anyul Ar\u00e9valo, entre otros.<\/p>\n<p>&nbsp;<\/p>\n<p>La realizaci\u00f3n del proyecto est\u00e1 a cargo de:<\/p>\n<p>&nbsp;<\/p>\n<ul>\n<li>Anyul Arevalo. Licenciada, profesora, percusionista, artista e investigadora de m\u00fasicas populares de Abya Yala egresada de la Universidad Nacional de la Plata (UNLP), Argentina. Fundadora del proyecto pedag\u00f3gico, artiista y feminista Toc\u00e1 el Tamb\u00f3 y codirectora, fundadora y docente del proyecto Escuela de M\u00fasica La Orop\u00e9ndola, dedicada a las M\u00fasicas Populares en Costa Rica.<\/li>\n<\/ul>\n<p>&nbsp;<\/p>\n<ul>\n<li>Javier Alvarado. Fil\u00f3logo, multi instrumentista e investigador. Licenciado y Profesor en M\u00fasica Popular por la Universidad Nacional de La Plata, Argentina.<\/li>\n<\/ul>\n<p>&nbsp;<\/p>\n<ul>\n<li>Guadalupe Urbina. Artista, gestora cultural, cantante, int\u00e9rprete, compositora, escritora e investigadora costarricense. Recibi\u00f3 el Premio Gaviota en el C\u00edrculo de Bellas Artes de Madrid por su trabajo en la narraci\u00f3n oral. Radio Francia le otorg\u00f3 el Premio Am\u00e9rica de los descubrimientos, premio que recibi\u00f3 en Senegal de manos de Youssou N\u2019Dour. En el 2019 recibi\u00f3 el galard\u00f3n m\u00e1s importante de la Asociaci\u00f3n de Autores y Compositores de la M\u00fasica (ACAM), el premio Reca Mora. Y en el 2023 recibe el premio de la Canci\u00f3n del A\u00f1o con \u201cLa Cumbia de la Ni\u00f1a\u201d, creada junto a Toc\u00e1 el Tamb\u00f3 y la Orquesta de las Selvas Tropicales.<\/li>\n<\/ul>\n<p>&nbsp;<\/p>\n<p>Este proyecto cuenta con el apoyo de Iberm\u00fasicas a trav\u00e9s de su l\u00ednea de acci\u00f3n de \u201cAyudas al sector musical en modalidad virtual\u201d convocatoria 2023.<\/p>\n<p>&nbsp;<\/p>\n<ul>\n<li>Mes de marzo. Centro Cultural de Espa\u00f1a en Costa Rica<\/li>\n<\/ul>\n<p>&nbsp;<\/p>\n<p><a href=\"https:\/\/guadalupeurbina.org\">https:\/\/guadalupeurbina.org<\/a><\/p>\n","protected":false},"excerpt":{"rendered":"<p>Parrandeando con G\u00fcilas es un cancionero infantil an\u00f3nimo de la tradici\u00f3n oral guanacasteca, mesoamericana, latinoamericana e iberoamericana &nbsp; Tiene el objetivo de contribuir con la preservaci\u00f3n del acervo musical afromestizo costarricense a trav\u00e9s de diversos g\u00e9neros, de la tradici\u00f3n oral de la provincia del norte de Costa Rica, para as\u00ed garantizar su conservaci\u00f3n como parte [&hellip;]<\/p>\n","protected":false},"author":7,"featured_media":18160,"comment_status":"closed","ping_status":"closed","sticky":false,"template":"","format":"standard","meta":{"footnotes":""},"categories":[53],"tags":[],"class_list":["post-18159","post","type-post","status-publish","format-standard","has-post-thumbnail","hentry","category-noticias-generales"],"lang":"es","translations":{"es":18159,"pt":18162},"pll_sync_post":[],"post_mailing_queue_ids":[],"_links":{"self":[{"href":"http:\/\/staging.ibermusicas.org\/index.php\/wp-json\/wp\/v2\/posts\/18159","targetHints":{"allow":["GET"]}}],"collection":[{"href":"http:\/\/staging.ibermusicas.org\/index.php\/wp-json\/wp\/v2\/posts"}],"about":[{"href":"http:\/\/staging.ibermusicas.org\/index.php\/wp-json\/wp\/v2\/types\/post"}],"author":[{"embeddable":true,"href":"http:\/\/staging.ibermusicas.org\/index.php\/wp-json\/wp\/v2\/users\/7"}],"replies":[{"embeddable":true,"href":"http:\/\/staging.ibermusicas.org\/index.php\/wp-json\/wp\/v2\/comments?post=18159"}],"version-history":[{"count":1,"href":"http:\/\/staging.ibermusicas.org\/index.php\/wp-json\/wp\/v2\/posts\/18159\/revisions"}],"predecessor-version":[{"id":18161,"href":"http:\/\/staging.ibermusicas.org\/index.php\/wp-json\/wp\/v2\/posts\/18159\/revisions\/18161"}],"wp:featuredmedia":[{"embeddable":true,"href":"http:\/\/staging.ibermusicas.org\/index.php\/wp-json\/wp\/v2\/media\/18160"}],"wp:attachment":[{"href":"http:\/\/staging.ibermusicas.org\/index.php\/wp-json\/wp\/v2\/media?parent=18159"}],"wp:term":[{"taxonomy":"category","embeddable":true,"href":"http:\/\/staging.ibermusicas.org\/index.php\/wp-json\/wp\/v2\/categories?post=18159"},{"taxonomy":"post_tag","embeddable":true,"href":"http:\/\/staging.ibermusicas.org\/index.php\/wp-json\/wp\/v2\/tags?post=18159"}],"curies":[{"name":"wp","href":"https:\/\/api.w.org\/{rel}","templated":true}]}}