{"id":18162,"date":"2024-03-14T13:31:37","date_gmt":"2024-03-14T13:31:37","guid":{"rendered":"http:\/\/staging.ibermusicas.org\/?p=18162"},"modified":"2024-03-14T13:31:37","modified_gmt":"2024-03-14T13:31:37","slug":"cancioneiro-tradicional-anonimo-de-guanacaste-volume-iii-parrandeando-con-guilas","status":"publish","type":"post","link":"http:\/\/staging.ibermusicas.org\/index.php\/cancioneiro-tradicional-anonimo-de-guanacaste-volume-iii-parrandeando-con-guilas\/","title":{"rendered":"Cancioneiro tradicional an\u00f4nimo de Guanacaste volume III: Parrandeando con G\u00fcilas"},"content":{"rendered":"<p>Parrandeando con G\u00fcilas \u00e9 um livro de can\u00e7\u00f5es infantis an\u00f4nimas da tradi\u00e7\u00e3o oral de Guanacaste, mesoamericana, latino-americana e ibero-americana.<\/p>\n<p>&nbsp;<\/p>\n<p>Seu objetivo \u00e9 contribuir para a preserva\u00e7\u00e3o do patrim\u00f4nio musical afro-mesti\u00e7o costarriquenho por meio de v\u00e1rios g\u00eaneros da tradi\u00e7\u00e3o oral da prov\u00edncia do norte da Costa Rica, a fim de garantir sua conserva\u00e7\u00e3o como parte da mem\u00f3ria do patrim\u00f4nio mundial.<\/p>\n<p>&nbsp;<\/p>\n<p>As grava\u00e7\u00f5es do cancioneiro continuam com o convite de jovens artistas e int\u00e9rpretes de Guanacaste, como Karol Cabalceta, Malcolm Rojas, Chucho L\u00f3pez; artistas de outras regi\u00f5es do pa\u00eds, como Oscar Jim\u00e9nez, Margarita Rodr\u00edguez, Berenice, Maf \u00c9 Tul\u00e0, Nativa, Natalia Esquivel, Fabrizio Walker (cantor de \u00abInfibeat\u00bb); os artistas nicaraguenses Carlos \u00abFrijol\u00bb Guill\u00e9n Mej\u00eda (cantor de \u00abLa Cuneta Son Mach\u00edn\u00bb), Ludwing G\u00f3mez, Olguita Acu\u00f1a e o artista colombiano Anyul Ar\u00e9valo, entre outros.<\/p>\n<p>&nbsp;<\/p>\n<p>O projeto \u00e9 realizado por:<\/p>\n<ul>\n<li>Anyul Arevalo. Licenciada, professora, percussionista, artista e pesquisadora da m\u00fasica popular de Abya Yala, formada pela Universidade Nacional de La Plata (UNLP), Argentina. Fundadora do projeto pedag\u00f3gico, art\u00edstico e feminista Toc\u00e1 el Tamb\u00f3 e codiretora, fundadora e professora do projeto Escuela de M\u00fasica La Orop\u00e9ndola, dedicado \u00e0 m\u00fasica popular na Costa Rica.<\/li>\n<li>Javier Alvarado. Fil\u00f3logo, multi-instrumentista e pesquisador. Graduado e professor de M\u00fasica Popular da Universidade Nacional de La Plata, Argentina.<\/li>\n<li>Guadalupe Urbina. Artista, gerente cultural, cantora, int\u00e9rprete, compositora, escritora e pesquisadora da Costa Rica. Recebeu o Pr\u00eamio Gaviota do C\u00edrculo de Bellas Artes de Madri por seu trabalho em narra\u00e7\u00e3o oral. A R\u00e1dio Fran\u00e7a lhe concedeu o Pr\u00eamio Am\u00e9rica dos Descobrimentos, que recebeu no Senegal das m\u00e3os de Youssou N&#8217;Dour. Em 2019, recebeu o pr\u00eamio mais importante da Associa\u00e7\u00e3o de Autores e Compositores de M\u00fasica (ACAM), o pr\u00eamio Reca Mora. E em 2023 recebeu o pr\u00eamio de Can\u00e7\u00e3o do Ano com \u00abLa Cumbia de la Ni\u00f1a\u00bb, criada em conjunto com Toc\u00e1 el Tamb\u00f3 e a Orquesta de las Selvas Tropicales.<\/li>\n<\/ul>\n<p>Esse projeto conta com o apoio do Programa Iberm\u00fasicas por meio de sua linha de a\u00e7\u00e3o \u00abAjuda ao setor musical em modadlidade virtual\u00bb, chamada 2023.<\/p>\n<p>&nbsp;<\/p>\n<p>&nbsp;<\/p>\n<ul>\n<li>Mar\u00e7o. Centro Cultural da Espanha na Costa Rica<\/li>\n<\/ul>\n<p>&nbsp;<\/p>\n<p><a href=\"https:\/\/guadalupeurbina.org\">https:\/\/guadalupeurbina.org<\/a><\/p>\n","protected":false},"excerpt":{"rendered":"<p>Parrandeando con G\u00fcilas \u00e9 um livro de can\u00e7\u00f5es infantis an\u00f4nimas da tradi\u00e7\u00e3o oral de Guanacaste, mesoamericana, latino-americana e ibero-americana. &nbsp; Seu objetivo \u00e9 contribuir para a preserva\u00e7\u00e3o do patrim\u00f4nio musical afro-mesti\u00e7o costarriquenho por meio de v\u00e1rios g\u00eaneros da tradi\u00e7\u00e3o oral da prov\u00edncia do norte da Costa Rica, a fim de garantir sua conserva\u00e7\u00e3o como parte [&hellip;]<\/p>\n","protected":false},"author":7,"featured_media":18160,"comment_status":"closed","ping_status":"closed","sticky":false,"template":"","format":"standard","meta":{"footnotes":""},"categories":[218],"tags":[],"class_list":["post-18162","post","type-post","status-publish","format-standard","has-post-thumbnail","hentry","category-noticias-generales-pt"],"lang":"pt","translations":{"pt":18162,"es":18159},"pll_sync_post":[],"post_mailing_queue_ids":[],"_links":{"self":[{"href":"http:\/\/staging.ibermusicas.org\/index.php\/wp-json\/wp\/v2\/posts\/18162","targetHints":{"allow":["GET"]}}],"collection":[{"href":"http:\/\/staging.ibermusicas.org\/index.php\/wp-json\/wp\/v2\/posts"}],"about":[{"href":"http:\/\/staging.ibermusicas.org\/index.php\/wp-json\/wp\/v2\/types\/post"}],"author":[{"embeddable":true,"href":"http:\/\/staging.ibermusicas.org\/index.php\/wp-json\/wp\/v2\/users\/7"}],"replies":[{"embeddable":true,"href":"http:\/\/staging.ibermusicas.org\/index.php\/wp-json\/wp\/v2\/comments?post=18162"}],"version-history":[{"count":1,"href":"http:\/\/staging.ibermusicas.org\/index.php\/wp-json\/wp\/v2\/posts\/18162\/revisions"}],"predecessor-version":[{"id":18163,"href":"http:\/\/staging.ibermusicas.org\/index.php\/wp-json\/wp\/v2\/posts\/18162\/revisions\/18163"}],"wp:featuredmedia":[{"embeddable":true,"href":"http:\/\/staging.ibermusicas.org\/index.php\/wp-json\/wp\/v2\/media\/18160"}],"wp:attachment":[{"href":"http:\/\/staging.ibermusicas.org\/index.php\/wp-json\/wp\/v2\/media?parent=18162"}],"wp:term":[{"taxonomy":"category","embeddable":true,"href":"http:\/\/staging.ibermusicas.org\/index.php\/wp-json\/wp\/v2\/categories?post=18162"},{"taxonomy":"post_tag","embeddable":true,"href":"http:\/\/staging.ibermusicas.org\/index.php\/wp-json\/wp\/v2\/tags?post=18162"}],"curies":[{"name":"wp","href":"https:\/\/api.w.org\/{rel}","templated":true}]}}