{"id":18164,"date":"2024-03-14T13:39:41","date_gmt":"2024-03-14T13:39:41","guid":{"rendered":"http:\/\/staging.ibermusicas.org\/?p=18164"},"modified":"2024-03-27T03:22:54","modified_gmt":"2024-03-27T03:22:54","slug":"la-compositora-mexicana-concepcion-huerta-se-encuentra-realizando-su-residencia-compositiva-en-ems-elektronmusik-studion-estocolmo-suecia","status":"publish","type":"post","link":"http:\/\/staging.ibermusicas.org\/index.php\/la-compositora-mexicana-concepcion-huerta-se-encuentra-realizando-su-residencia-compositiva-en-ems-elektronmusik-studion-estocolmo-suecia\/","title":{"rendered":"La compositora mexicana Concepci\u00f3n Huerta se encuentra realizando su residencia compositiva en EMS &#8211; Elektronmusik Studion, Estocolmo, Suecia"},"content":{"rendered":"<p>Su exploraci\u00f3n sonora se realiza a trav\u00e9s de grabaciones de\u00a0 sintetizadores, que al ser manipulados con grabadoras y cintas magn\u00e9ticas, crean atm\u00f3sferas sonoras. Incorpora el estudio de la s\u00edntesis, la electricidad, el voltaje, los formatos y la materialidad como parte de su aproximaci\u00f3n, creando puentes entre los procesos anal\u00f3gicos y digitales.<\/p>\n<p>&nbsp;<\/p>\n<p>\u00abElectro-Cinta\u201des un proyecto de m\u00fasica experimental que busca fusionar las composiciones electr\u00f3nicas y de cinta magn\u00e9tica con la se\u00f1al de los sintetizadores anal\u00f3gicos a trav\u00e9s de la grabaci\u00f3n de sonidos generados por sintetizadores NORD, Serge y Buchla, as\u00ed como se\u00f1ales el\u00e9ctricas. Este proyecto es la exploraci\u00f3n de texturas sonoras y las formas de manipular y procesar estas fuentes para crear piezas musicales.<\/p>\n<p>&nbsp;<\/p>\n<p>Concepci\u00f3n Huerta curs\u00f3 la Licenciatura de Medios Audiovisuales del Centro de Arte Audiovisual (CAAV) en Guadalajara. Ha colaborado en diversos colectivos y en conciertos representativos de la escena experimental, el arte sonoro y la improvisaci\u00f3n en la Ciudad de M\u00e9xico. Ha sido ganadora de las \u201cAyudas a compositoras y compositores para residencias art\u00edsticas\u201d en la convocatoria de Iberm\u00fasicas 2023.<\/p>\n<p>&nbsp;<\/p>\n<ul>\n<li>Mes de marzo en EMS &#8211; Elektronmusik Studion, Estocolmo, Suecia<\/li>\n<\/ul>\n","protected":false},"excerpt":{"rendered":"<p>Su exploraci\u00f3n sonora se realiza a trav\u00e9s de grabaciones de\u00a0 sintetizadores, que al ser manipulados con grabadoras y cintas magn\u00e9ticas, crean atm\u00f3sferas sonoras. Incorpora el estudio de la s\u00edntesis, la electricidad, el voltaje, los formatos y la materialidad como parte de su aproximaci\u00f3n, creando puentes entre los procesos anal\u00f3gicos y digitales. &nbsp; \u00abElectro-Cinta\u201des un proyecto [&hellip;]<\/p>\n","protected":false},"author":7,"featured_media":18165,"comment_status":"closed","ping_status":"closed","sticky":false,"template":"","format":"standard","meta":{"footnotes":""},"categories":[53],"tags":[],"class_list":["post-18164","post","type-post","status-publish","format-standard","has-post-thumbnail","hentry","category-noticias-generales"],"lang":"es","translations":{"es":18164,"pt":18167},"pll_sync_post":[],"post_mailing_queue_ids":[],"_links":{"self":[{"href":"http:\/\/staging.ibermusicas.org\/index.php\/wp-json\/wp\/v2\/posts\/18164","targetHints":{"allow":["GET"]}}],"collection":[{"href":"http:\/\/staging.ibermusicas.org\/index.php\/wp-json\/wp\/v2\/posts"}],"about":[{"href":"http:\/\/staging.ibermusicas.org\/index.php\/wp-json\/wp\/v2\/types\/post"}],"author":[{"embeddable":true,"href":"http:\/\/staging.ibermusicas.org\/index.php\/wp-json\/wp\/v2\/users\/7"}],"replies":[{"embeddable":true,"href":"http:\/\/staging.ibermusicas.org\/index.php\/wp-json\/wp\/v2\/comments?post=18164"}],"version-history":[{"count":1,"href":"http:\/\/staging.ibermusicas.org\/index.php\/wp-json\/wp\/v2\/posts\/18164\/revisions"}],"predecessor-version":[{"id":18166,"href":"http:\/\/staging.ibermusicas.org\/index.php\/wp-json\/wp\/v2\/posts\/18164\/revisions\/18166"}],"wp:featuredmedia":[{"embeddable":true,"href":"http:\/\/staging.ibermusicas.org\/index.php\/wp-json\/wp\/v2\/media\/18165"}],"wp:attachment":[{"href":"http:\/\/staging.ibermusicas.org\/index.php\/wp-json\/wp\/v2\/media?parent=18164"}],"wp:term":[{"taxonomy":"category","embeddable":true,"href":"http:\/\/staging.ibermusicas.org\/index.php\/wp-json\/wp\/v2\/categories?post=18164"},{"taxonomy":"post_tag","embeddable":true,"href":"http:\/\/staging.ibermusicas.org\/index.php\/wp-json\/wp\/v2\/tags?post=18164"}],"curies":[{"name":"wp","href":"https:\/\/api.w.org\/{rel}","templated":true}]}}