{"id":18167,"date":"2024-03-14T13:43:54","date_gmt":"2024-03-14T13:43:54","guid":{"rendered":"http:\/\/staging.ibermusicas.org\/?p=18167"},"modified":"2024-03-27T03:19:05","modified_gmt":"2024-03-27T03:19:05","slug":"a-compositora-mexicana-concepcion-huerta-esta-atualmente-em-residencia-no-ems-elektronmusik-studion-estocolmo-suecia","status":"publish","type":"post","link":"http:\/\/staging.ibermusicas.org\/index.php\/a-compositora-mexicana-concepcion-huerta-esta-atualmente-em-residencia-no-ems-elektronmusik-studion-estocolmo-suecia\/","title":{"rendered":"A compositora mexicana Concepci\u00f3n Huerta est\u00e1 atualmente em resid\u00eancia no EMS &#8211; Elektronmusik Studion, Estocolmo, Su\u00e9cia"},"content":{"rendered":"<p>A sua explora\u00e7\u00e3o sonora \u00e9 feita atrav\u00e9s de grava\u00e7\u00f5es de sintetizadores, que, quando manipuladas com gravadores e fitas magn\u00e9ticas, criam atmosferas sonoras. Incorpora o estudo da s\u00edntese, eletricidade, voltagem, formatos e materialidade como parte da sua abordagem, criando pontes entre processos anal\u00f3gicos e digitais.<\/p>\n<p>&nbsp;<\/p>\n<p>\u00abElectro-Tape\u00bb \u00e9 um projeto de m\u00fasica experimental que procura fundir composi\u00e7\u00f5es electr\u00f3nicas e de fita magn\u00e9tica com o sinal de sintetizadores anal\u00f3gicos, atrav\u00e9s da grava\u00e7\u00e3o de sons gerados por sintetizadores NORD, Serge e Buchla, bem como de sinais el\u00e9ctricos. Este projeto \u00e9 uma explora\u00e7\u00e3o de texturas sonoras e formas de manipular e processar estas fontes para criar pe\u00e7as musicais.<\/p>\n<p>&nbsp;<\/p>\n<p>Concepci\u00f3n Huerta estudou Meios Audiovisuais no Centro de Arte Audiovisual (CAAV) em Guadalajara. Colaborou em v\u00e1rios colectivos e concertos representativos da cena experimental, da arte sonora e da improvisa\u00e7\u00e3o na Cidade do M\u00e9xico. Ganhou o pr\u00e9mio Ajudas a compositoras e compositores para resid\u00eancias art\u00edsticas do Programa Iberm\u00fasicas 2023.<\/p>\n<p>&nbsp;<\/p>\n<ul>\n<li>Mar\u00e7o no EMS &#8211; Elektronmusik Studion, Estocolmo, Su\u00e9cia<\/li>\n<\/ul>\n","protected":false},"excerpt":{"rendered":"<p>A sua explora\u00e7\u00e3o sonora \u00e9 feita atrav\u00e9s de grava\u00e7\u00f5es de sintetizadores, que, quando manipuladas com gravadores e fitas magn\u00e9ticas, criam atmosferas sonoras. Incorpora o estudo da s\u00edntese, eletricidade, voltagem, formatos e materialidade como parte da sua abordagem, criando pontes entre processos anal\u00f3gicos e digitais. &nbsp; \u00abElectro-Tape\u00bb \u00e9 um projeto de m\u00fasica experimental que procura fundir [&hellip;]<\/p>\n","protected":false},"author":7,"featured_media":18165,"comment_status":"closed","ping_status":"closed","sticky":false,"template":"","format":"standard","meta":{"footnotes":""},"categories":[218],"tags":[],"class_list":["post-18167","post","type-post","status-publish","format-standard","has-post-thumbnail","hentry","category-noticias-generales-pt"],"lang":"pt","translations":{"pt":18167,"es":18164},"pll_sync_post":[],"post_mailing_queue_ids":[],"_links":{"self":[{"href":"http:\/\/staging.ibermusicas.org\/index.php\/wp-json\/wp\/v2\/posts\/18167","targetHints":{"allow":["GET"]}}],"collection":[{"href":"http:\/\/staging.ibermusicas.org\/index.php\/wp-json\/wp\/v2\/posts"}],"about":[{"href":"http:\/\/staging.ibermusicas.org\/index.php\/wp-json\/wp\/v2\/types\/post"}],"author":[{"embeddable":true,"href":"http:\/\/staging.ibermusicas.org\/index.php\/wp-json\/wp\/v2\/users\/7"}],"replies":[{"embeddable":true,"href":"http:\/\/staging.ibermusicas.org\/index.php\/wp-json\/wp\/v2\/comments?post=18167"}],"version-history":[{"count":1,"href":"http:\/\/staging.ibermusicas.org\/index.php\/wp-json\/wp\/v2\/posts\/18167\/revisions"}],"predecessor-version":[{"id":18168,"href":"http:\/\/staging.ibermusicas.org\/index.php\/wp-json\/wp\/v2\/posts\/18167\/revisions\/18168"}],"wp:featuredmedia":[{"embeddable":true,"href":"http:\/\/staging.ibermusicas.org\/index.php\/wp-json\/wp\/v2\/media\/18165"}],"wp:attachment":[{"href":"http:\/\/staging.ibermusicas.org\/index.php\/wp-json\/wp\/v2\/media?parent=18167"}],"wp:term":[{"taxonomy":"category","embeddable":true,"href":"http:\/\/staging.ibermusicas.org\/index.php\/wp-json\/wp\/v2\/categories?post=18167"},{"taxonomy":"post_tag","embeddable":true,"href":"http:\/\/staging.ibermusicas.org\/index.php\/wp-json\/wp\/v2\/tags?post=18167"}],"curies":[{"name":"wp","href":"https:\/\/api.w.org\/{rel}","templated":true}]}}