{"id":18169,"date":"2024-03-14T13:49:53","date_gmt":"2024-03-14T13:49:53","guid":{"rendered":"http:\/\/staging.ibermusicas.org\/?p=18169"},"modified":"2024-03-27T03:22:43","modified_gmt":"2024-03-27T03:22:43","slug":"la-cantante-folclorica-espanola-karmento-se-presentara-en-brasil-chile-y-argentina","status":"publish","type":"post","link":"http:\/\/staging.ibermusicas.org\/index.php\/la-cantante-folclorica-espanola-karmento-se-presentara-en-brasil-chile-y-argentina\/","title":{"rendered":"La cantante folcl\u00f3rica espa\u00f1ola Karmento se presentar\u00e1 en Brasil, Chile y Argentina"},"content":{"rendered":"<p>Representante clave del neofolclore espa\u00f1ol. Las canciones de su \u00e1lbum m\u00e1s reciente \u00e1lbum \u201cLa Serrana\u201d parten de la canci\u00f3n de autor y caminan a trav\u00e9s de la copla, el flamenco, la m\u00fasica \u00e9tnica o las seguidillas manchegas.<\/p>\n<p>&nbsp;<\/p>\n<p>Karmento es una artista de La Mancha que inicia su andadura art\u00edstica en el a\u00f1o 2012, cuando decide irse a vivir a la isla de Malta. All\u00ed comienza a relacionarse con m\u00fasicos internacionales y empieza a escribir las canciones que conformar\u00edan su primer \u00e1lbum \u201cMudanzas\u201d.<\/p>\n<p>&nbsp;<\/p>\n<p>Con \u201cLa Serrana\u201d, la artista manchega arranca una nueva etapa en la que da un paso hacia un folclore m\u00e1s vanguardista, pero manteniendo su m\u00e1s pura esencia. En las diez nuevas canciones que conforman este nuevo \u00e1lbum, Karmento, inspirada en las mujeres de su pueblo y en su propia identidad, profundiza en su ra\u00edz serrana en un viaje emocional y narrativo que atraviesa la vida y la memoria de su pertenencia.<\/p>\n<p>&nbsp;<\/p>\n<p>A partir de 2020, cuando publica el \u00e1lbum \u201cEste devenir\u201d, empieza a posicionarse como uno de los grandes nombres del neofolclore espa\u00f1ol, consiguiendo que su \u00e1lbum fuera uno de los 10 mejores \u00e1lbumes de M\u00fasica de Ra\u00edz para Mondo Sonoro y obtuviera una nominaci\u00f3n a los Premios MIN en esa categor\u00eda. Su directo fue seleccionado en diferentes circuitos, redes de teatros y cat\u00e1logos, y la gira finaliz\u00f3 con m\u00e1s de 130 conciertos realizados. Karmento particip\u00f3 en el Benidorm Fest 2023, con su canci\u00f3n \u2018Quiero y duelo\u2019, llegando a ser una de las finalistas gracias al un\u00e1nime apoyo del p\u00fablico.<\/p>\n<p>&nbsp;<\/p>\n<p>En R\u00edo de Janeiro y S\u00e3o Paulo, Karmento adem\u00e1s de realizar sus conciertos, participar\u00e1 en dos actividades complementarias organizadas por el Instituto Cervantes de cada localidad. El 13 de marzo, participar\u00e1 en una mesa redonda junto a Louise Freire y F\u00e1tima Lima, donde abordar\u00e1n el tema de \u201cLa sexualizaci\u00f3n de la mujer en el arte\u201d. Posteriormente, el 18 de marzo, la conversaci\u00f3n se centrar\u00e1 en su figura con el programa titulado \u201cM\u00fasica, g\u00e9nero y otras partituras: un encuentro con Karmento\u201d.<\/p>\n<p>&nbsp;<\/p>\n<p>La gira de Karmento por Latinoam\u00e9rica se presenta como una oportunidad \u00fanica para sumergirse en la profundidad de \u2018La Serrana\u2019, explorar las reflexiones sobre m\u00fasica y g\u00e9nero y experimentar la pasi\u00f3n y la creatividad de la artista en diversos escenarios internacionales.<\/p>\n<p>&nbsp;<\/p>\n<p>&nbsp;<\/p>\n<ul>\n<li>14 de marzo 19h, Centro Cultural da Justi\u00e7a Federal de Rio de Janeiro, Brasil<\/li>\n<li>16 de marzo 19h, SESC Vila Mariana de S\u00e3o Paulo, Brasil<\/li>\n<li>20 de marzo, Rondeman, Ciudad de Buenos Aires, Argentina<\/li>\n<li>22 de marzo, Aniversario CCE Santiago de Chile<\/li>\n<li>23 de marzo 22h, WOMAD Chile, Chile<\/li>\n<\/ul>\n<p>&nbsp;<\/p>\n<p><a href=\"https:\/\/www.youtube.com\/@Karmento\">https:\/\/www.youtube.com\/@Karmento<\/a><\/p>\n<p><a href=\"https:\/\/www.instagram.com\/lakarmento\/\">https:\/\/www.instagram.com\/lakarmento\/<\/a><\/p>\n","protected":false},"excerpt":{"rendered":"<p>Representante clave del neofolclore espa\u00f1ol. Las canciones de su \u00e1lbum m\u00e1s reciente \u00e1lbum \u201cLa Serrana\u201d parten de la canci\u00f3n de autor y caminan a trav\u00e9s de la copla, el flamenco, la m\u00fasica \u00e9tnica o las seguidillas manchegas. &nbsp; Karmento es una artista de La Mancha que inicia su andadura art\u00edstica en el a\u00f1o 2012, cuando [&hellip;]<\/p>\n","protected":false},"author":7,"featured_media":18170,"comment_status":"closed","ping_status":"closed","sticky":false,"template":"","format":"standard","meta":{"footnotes":""},"categories":[53],"tags":[],"class_list":["post-18169","post","type-post","status-publish","format-standard","has-post-thumbnail","hentry","category-noticias-generales"],"lang":"es","translations":{"es":18169,"pt":18172},"pll_sync_post":[],"post_mailing_queue_ids":[],"_links":{"self":[{"href":"http:\/\/staging.ibermusicas.org\/index.php\/wp-json\/wp\/v2\/posts\/18169","targetHints":{"allow":["GET"]}}],"collection":[{"href":"http:\/\/staging.ibermusicas.org\/index.php\/wp-json\/wp\/v2\/posts"}],"about":[{"href":"http:\/\/staging.ibermusicas.org\/index.php\/wp-json\/wp\/v2\/types\/post"}],"author":[{"embeddable":true,"href":"http:\/\/staging.ibermusicas.org\/index.php\/wp-json\/wp\/v2\/users\/7"}],"replies":[{"embeddable":true,"href":"http:\/\/staging.ibermusicas.org\/index.php\/wp-json\/wp\/v2\/comments?post=18169"}],"version-history":[{"count":1,"href":"http:\/\/staging.ibermusicas.org\/index.php\/wp-json\/wp\/v2\/posts\/18169\/revisions"}],"predecessor-version":[{"id":18171,"href":"http:\/\/staging.ibermusicas.org\/index.php\/wp-json\/wp\/v2\/posts\/18169\/revisions\/18171"}],"wp:featuredmedia":[{"embeddable":true,"href":"http:\/\/staging.ibermusicas.org\/index.php\/wp-json\/wp\/v2\/media\/18170"}],"wp:attachment":[{"href":"http:\/\/staging.ibermusicas.org\/index.php\/wp-json\/wp\/v2\/media?parent=18169"}],"wp:term":[{"taxonomy":"category","embeddable":true,"href":"http:\/\/staging.ibermusicas.org\/index.php\/wp-json\/wp\/v2\/categories?post=18169"},{"taxonomy":"post_tag","embeddable":true,"href":"http:\/\/staging.ibermusicas.org\/index.php\/wp-json\/wp\/v2\/tags?post=18169"}],"curies":[{"name":"wp","href":"https:\/\/api.w.org\/{rel}","templated":true}]}}