{"id":18172,"date":"2024-03-14T13:50:50","date_gmt":"2024-03-14T13:50:50","guid":{"rendered":"http:\/\/staging.ibermusicas.org\/?p=18172"},"modified":"2024-03-27T03:18:59","modified_gmt":"2024-03-27T03:18:59","slug":"a-cantora-folclorica-espanhola-karmento-se-apresentara-no-brasil-chile-e-argentina","status":"publish","type":"post","link":"http:\/\/staging.ibermusicas.org\/index.php\/a-cantora-folclorica-espanhola-karmento-se-apresentara-no-brasil-chile-e-argentina\/","title":{"rendered":"A cantora folcl\u00f3rica espanhola Karmento se apresentar\u00e1 no Brasil, Chile e Argentina"},"content":{"rendered":"<p>Representante-chave do neofolclore espanhol. As m\u00fasicas de seu mais recente \u00e1lbum, \u00abLa Serrana\u00bb, s\u00e3o baseadas na can\u00e7\u00e3o autoral e transitam pela copla, flamenco, m\u00fasica \u00e9tnica e seguidillas manchegas.<\/p>\n<p>&nbsp;<\/p>\n<p>Karmento \u00e9 uma artista de La Mancha que iniciou sua carreira art\u00edstica em 2012, quando decidiu se mudar para a ilha de Malta. L\u00e1, ela come\u00e7ou a conhecer m\u00fasicos internacionais e come\u00e7ou a compor as m\u00fasicas que formariam seu primeiro \u00e1lbum, \u00abMudanzas\u00bb.<\/p>\n<p>&nbsp;<\/p>\n<p>Com \u00abLa Serrana\u00bb, a artista de La Mancha inicia uma nova etapa na qual d\u00e1 um passo em dire\u00e7\u00e3o a um folclore mais vanguardista, mas mantendo sua ess\u00eancia mais pura. Nas dez novas can\u00e7\u00f5es que comp\u00f5em este novo \u00e1lbum, Karmento, inspirada nas mulheres de seu povo e em sua pr\u00f3pria identidade, mergulha em suas ra\u00edzes serranas em uma jornada emocional e narrativa que atravessa a vida e a mem\u00f3ria de sua perten\u00e7a.<\/p>\n<p>&nbsp;<\/p>\n<p>Em 2020, quando lan\u00e7ou o \u00e1lbum \u00abEste devenir\u00bb, ela come\u00e7ou a se posicionar como um dos grandes nomes do neofolclore espanhol, tornando seu \u00e1lbum um dos 10 melhores \u00e1lbuns de M\u00fasica de Ra\u00edz para Mondo Sonoro e obtendo uma indica\u00e7\u00e3o para o MIN Awards nessa categoria. Sua apresenta\u00e7\u00e3o ao vivo foi selecionada em diferentes circuitos, redes de teatro e cat\u00e1logos, e a turn\u00ea terminou com mais de 130 shows. Karmento participou do Benidorm Fest 2023, com sua m\u00fasica \u00abQuiero y duelo\u00bb, tornando-se uma dos finalistas gra\u00e7as ao apoio un\u00e2nime do p\u00fablico.<\/p>\n<p>&nbsp;<\/p>\n<p>No Rio de Janeiro e em S\u00e3o Paulo, para al\u00e9m dos concertos, Karmento participar\u00e1 em duas actividades complementares organizadas pelo Instituto Cervantes em cada cidade. No dia 13 de mar\u00e7o, participar\u00e1 numa mesa redonda com Louise Freire e F\u00e1tima Lima, onde ser\u00e1 abordado o tema \u00abA sexualiza\u00e7\u00e3o da mulher na arte\u00bb. Posteriormente, no dia 18 de mar\u00e7o, a conversa centrar-se-\u00e1 na sua figura com o programa intitulado \u00abM\u00fasica, g\u00e9nero e outras partituras: um encontro com Karmento\u00bb.<\/p>\n<p>&nbsp;<\/p>\n<p>A digress\u00e3o latino-americana de Karmento \u00e9 apresentada como uma oportunidade \u00fanica para mergulhar nas profundezas de \u00abLa Serrana\u00bb, explorar as reflex\u00f5es sobre m\u00fasica e g\u00e9nero e experimentar a paix\u00e3o e a criatividade da artista em v\u00e1rios palcos internacionais.<\/p>\n<p>&nbsp;<\/p>\n<p>&nbsp;<\/p>\n<ul>\n<li>14 de mar\u00e7o, 19h, Centro Cultural da Justi\u00e7a Federal do Rio de Janeiro, Brasil<\/li>\n<li>16 de mar\u00e7o, 19h, SESC Vila Mariana de S\u00e3o Paulo, Brasil<\/li>\n<li>20 de mar\u00e7o, Rondeman, Ciudad de Buenos Aires, Argentina<\/li>\n<li>22 de mar\u00e7o, CCE Anniversary Santiago de Chile, Chile<\/li>\n<li>23 de mar\u00e7o, 22h, WOMAD Chile, Chile<\/li>\n<\/ul>\n<p>&nbsp;<\/p>\n<p><a href=\"https:\/\/www.youtube.com\/@Karmento\">https:\/\/www.youtube.com\/@Karmento<\/a><\/p>\n<p><a href=\"https:\/\/www.instagram.com\/lakarmento\/\">https:\/\/www.instagram.com\/lakarmento\/<\/a><\/p>\n","protected":false},"excerpt":{"rendered":"<p>Representante-chave do neofolclore espanhol. As m\u00fasicas de seu mais recente \u00e1lbum, \u00abLa Serrana\u00bb, s\u00e3o baseadas na can\u00e7\u00e3o autoral e transitam pela copla, flamenco, m\u00fasica \u00e9tnica e seguidillas manchegas. &nbsp; Karmento \u00e9 uma artista de La Mancha que iniciou sua carreira art\u00edstica em 2012, quando decidiu se mudar para a ilha de Malta. L\u00e1, ela come\u00e7ou [&hellip;]<\/p>\n","protected":false},"author":7,"featured_media":18170,"comment_status":"closed","ping_status":"closed","sticky":false,"template":"","format":"standard","meta":{"footnotes":""},"categories":[218],"tags":[],"class_list":["post-18172","post","type-post","status-publish","format-standard","has-post-thumbnail","hentry","category-noticias-generales-pt"],"lang":"pt","translations":{"pt":18172,"es":18169},"pll_sync_post":[],"post_mailing_queue_ids":[],"_links":{"self":[{"href":"http:\/\/staging.ibermusicas.org\/index.php\/wp-json\/wp\/v2\/posts\/18172","targetHints":{"allow":["GET"]}}],"collection":[{"href":"http:\/\/staging.ibermusicas.org\/index.php\/wp-json\/wp\/v2\/posts"}],"about":[{"href":"http:\/\/staging.ibermusicas.org\/index.php\/wp-json\/wp\/v2\/types\/post"}],"author":[{"embeddable":true,"href":"http:\/\/staging.ibermusicas.org\/index.php\/wp-json\/wp\/v2\/users\/7"}],"replies":[{"embeddable":true,"href":"http:\/\/staging.ibermusicas.org\/index.php\/wp-json\/wp\/v2\/comments?post=18172"}],"version-history":[{"count":1,"href":"http:\/\/staging.ibermusicas.org\/index.php\/wp-json\/wp\/v2\/posts\/18172\/revisions"}],"predecessor-version":[{"id":18173,"href":"http:\/\/staging.ibermusicas.org\/index.php\/wp-json\/wp\/v2\/posts\/18172\/revisions\/18173"}],"wp:featuredmedia":[{"embeddable":true,"href":"http:\/\/staging.ibermusicas.org\/index.php\/wp-json\/wp\/v2\/media\/18170"}],"wp:attachment":[{"href":"http:\/\/staging.ibermusicas.org\/index.php\/wp-json\/wp\/v2\/media?parent=18172"}],"wp:term":[{"taxonomy":"category","embeddable":true,"href":"http:\/\/staging.ibermusicas.org\/index.php\/wp-json\/wp\/v2\/categories?post=18172"},{"taxonomy":"post_tag","embeddable":true,"href":"http:\/\/staging.ibermusicas.org\/index.php\/wp-json\/wp\/v2\/tags?post=18172"}],"curies":[{"name":"wp","href":"https:\/\/api.w.org\/{rel}","templated":true}]}}