{"id":18174,"date":"2024-03-14T13:54:57","date_gmt":"2024-03-14T13:54:57","guid":{"rendered":"http:\/\/staging.ibermusicas.org\/?p=18174"},"modified":"2024-03-27T03:22:35","modified_gmt":"2024-03-27T03:22:35","slug":"llega-una-nueva-edicion-de-musica-y-empoderamiento-de-la-mujer-en-el-11vo-encuentro-de-mujeres-de-musica-peruana","status":"publish","type":"post","link":"http:\/\/staging.ibermusicas.org\/index.php\/llega-una-nueva-edicion-de-musica-y-empoderamiento-de-la-mujer-en-el-11vo-encuentro-de-mujeres-de-musica-peruana\/","title":{"rendered":"Llega una nueva edici\u00f3n de M\u00fasica y empoderamiento de la mujer en el 11vo Encuentro de Mujeres de M\u00fasica Peruana"},"content":{"rendered":"<p>La agrupaci\u00f3n de mujeres Ambiente Criollo presenta la d\u00e9cimo primera edici\u00f3n del Encuentro de Mujeres de M\u00fasica Peruana, evento que busca fortalecer la participaci\u00f3n de la mujer m\u00fasica, en todas sus diversidades, en la industria musical, generando incidencia y contribuyendo a disminuir la brecha de g\u00e9nero en el sector musical, a trav\u00e9s de espacios que consoliden su rol protag\u00f3nico promoviendo temas relacionados a la identidad, el empoderamiento y la equidad de g\u00e9nero.<\/p>\n<p>&nbsp;<\/p>\n<p>Este encuentro, que cuenta con el apoyo del Ministerio de Cultura a trav\u00e9s de los Est\u00edmulos Econ\u00f3micos y del Programa Iberm\u00fasicas, ofrecer\u00e1 en esta edici\u00f3n clases maestras, talleres, conversatorios gratuitos y un concierto de cierre.<\/p>\n<p>&nbsp;<\/p>\n<p>Para el concierto de cierre, se contar\u00e1 con la participaci\u00f3n de distintas agrupaciones, entre ellas Aluna Tamb\u00f3, agrupaci\u00f3n de mujeres de Arica Chile que investigan, practican y difunden las tradiciones art\u00edsticas de ra\u00edces africanas, rescatando la percusi\u00f3n y danza tradicional de la cultura mandingue y el tumbe carnaval. As\u00ed mismo, se contar\u00e1 con la participaci\u00f3n de Ambiente Criollo, organizadoras del evento, agrupaci\u00f3n de m\u00fasica criolla conformada \u00edntegramente por mujeres, que se dedica al estudio, preservaci\u00f3n y creaci\u00f3n de m\u00fasica criolla, que a trav\u00e9s de talleres, espect\u00e1culos y conciertos, promueve el reconocimiento del aporte y contribuci\u00f3n de las mujeres compositoras y m\u00fasicas dentro del \u00e1mbito art\u00edstico nacional.<\/p>\n<p>&nbsp;<\/p>\n<p>El Encuentro de Mujeres de M\u00fasica Peruana nace en el 2013 con la idea de destacar a las int\u00e9rpretes, compositoras y m\u00fasicas del Per\u00fa. A\u00f1o a a\u00f1o esta propuesta ha ido creciendo y desarroll\u00e1ndose hasta formarse como una plataforma para que mujeres peruanas dedicadas a la m\u00fasica muestren y difundan sus proyectos musicales, para ser escuchadas y consideradas.<\/p>\n<p>&nbsp;<\/p>\n<p>Este encuentro ha recibido el apoyo de Iberm\u00fasicas mediante sus \u201cAyudas al sector musical para la programaci\u00f3n iberoamericana\u201d para la invitaci\u00f3n de la agrupaci\u00f3n chilena Aluna Tamb\u00f3.<\/p>\n<p>&nbsp;<\/p>\n<ul>\n<li>S\u00e1bado 16 de marzo, 16h, Pasacalle Inaugural en Barranco<\/li>\n<li>Lunes 18 de marzo, 18:30h, Clase maestra de composici\u00f3n musical a cargo de Julie Freundt en la Biblioteca Municipal de Barranco<\/li>\n<li>Martes 19 de marzo, 18:30h, Clase maestra de canto de jarana a cargo de Lucy Avil\u00e9s en Sala Acordes, Surquillo<\/li>\n<li>Martes 19 de marzo 2024 y mi\u00e9rcoles 20 de marzo, 20:30h, Clase maestra de tumbe afroarique\u00f1o a cargo de Aluna Tamb\u00f3 en Sala Acordes, Surquillo<\/li>\n<li>Jueves 21 de marzo, 20h, Intercambio musical \u201cMujeres al Tambor\u201d con la participaci\u00f3n de Aluna Tamb\u00f3 y Ambiente Criollo en Kokopelli, Barranco<\/li>\n<li>Viernes 22 de marzo, 18:30h, Conversatorio \u201cParticipaci\u00f3n de mujeres m\u00fasicas en festivales y diversos fondos de apoyo econ\u00f3mico\u201d, con la participaci\u00f3n de Aluna Tamb\u00f3, artistas y gestoras culturales invitadas en Biblioteca Municipal de Barranco<\/li>\n<li>S\u00e1bado 23 de marzo desde las 16 horas, Concierto de cierre con Aroa Trio, Warmis Danzaq, Pasi\u00f3n Per\u00fa, Tomar Control, Marddy, Grandiosas Orquesta, Ambiente Criollo, Aluna Tamb\u00f3. Artista invitada: Lourdes Carhuas. Plaza Municipal de Barranco<\/li>\n<\/ul>\n<p>&nbsp;<\/p>\n<p>&nbsp;<\/p>\n<p><a href=\"https:\/\/encuentromujeresmusicaperuana.com\/\">https:\/\/encuentromujeresmusicaperuana.com\/<\/a><\/p>\n","protected":false},"excerpt":{"rendered":"<p>La agrupaci\u00f3n de mujeres Ambiente Criollo presenta la d\u00e9cimo primera edici\u00f3n del Encuentro de Mujeres de M\u00fasica Peruana, evento que busca fortalecer la participaci\u00f3n de la mujer m\u00fasica, en todas sus diversidades, en la industria musical, generando incidencia y contribuyendo a disminuir la brecha de g\u00e9nero en el sector musical, a trav\u00e9s de espacios que [&hellip;]<\/p>\n","protected":false},"author":7,"featured_media":18175,"comment_status":"closed","ping_status":"closed","sticky":false,"template":"","format":"standard","meta":{"footnotes":""},"categories":[53],"tags":[],"class_list":["post-18174","post","type-post","status-publish","format-standard","has-post-thumbnail","hentry","category-noticias-generales"],"lang":"es","translations":{"es":18174,"pt":18177},"pll_sync_post":[],"post_mailing_queue_ids":[],"_links":{"self":[{"href":"http:\/\/staging.ibermusicas.org\/index.php\/wp-json\/wp\/v2\/posts\/18174","targetHints":{"allow":["GET"]}}],"collection":[{"href":"http:\/\/staging.ibermusicas.org\/index.php\/wp-json\/wp\/v2\/posts"}],"about":[{"href":"http:\/\/staging.ibermusicas.org\/index.php\/wp-json\/wp\/v2\/types\/post"}],"author":[{"embeddable":true,"href":"http:\/\/staging.ibermusicas.org\/index.php\/wp-json\/wp\/v2\/users\/7"}],"replies":[{"embeddable":true,"href":"http:\/\/staging.ibermusicas.org\/index.php\/wp-json\/wp\/v2\/comments?post=18174"}],"version-history":[{"count":1,"href":"http:\/\/staging.ibermusicas.org\/index.php\/wp-json\/wp\/v2\/posts\/18174\/revisions"}],"predecessor-version":[{"id":18176,"href":"http:\/\/staging.ibermusicas.org\/index.php\/wp-json\/wp\/v2\/posts\/18174\/revisions\/18176"}],"wp:featuredmedia":[{"embeddable":true,"href":"http:\/\/staging.ibermusicas.org\/index.php\/wp-json\/wp\/v2\/media\/18175"}],"wp:attachment":[{"href":"http:\/\/staging.ibermusicas.org\/index.php\/wp-json\/wp\/v2\/media?parent=18174"}],"wp:term":[{"taxonomy":"category","embeddable":true,"href":"http:\/\/staging.ibermusicas.org\/index.php\/wp-json\/wp\/v2\/categories?post=18174"},{"taxonomy":"post_tag","embeddable":true,"href":"http:\/\/staging.ibermusicas.org\/index.php\/wp-json\/wp\/v2\/tags?post=18174"}],"curies":[{"name":"wp","href":"https:\/\/api.w.org\/{rel}","templated":true}]}}