{"id":18177,"date":"2024-03-14T13:56:30","date_gmt":"2024-03-14T13:56:30","guid":{"rendered":"http:\/\/staging.ibermusicas.org\/?p=18177"},"modified":"2024-03-27T03:18:53","modified_gmt":"2024-03-27T03:18:53","slug":"chega-uma-nova-edicao-de-musica-e-empoderamento-das-mulheres-ao-11o-encontro-de-mulheres-de-musica-peruana","status":"publish","type":"post","link":"http:\/\/staging.ibermusicas.org\/index.php\/chega-uma-nova-edicao-de-musica-e-empoderamento-das-mulheres-ao-11o-encontro-de-mulheres-de-musica-peruana\/","title":{"rendered":"Chega uma nova edi\u00e7\u00e3o de M\u00fasica e Empoderamento das Mulheres ao 11\u00ba Encontro de Mulheres de M\u00fasica Peruana"},"content":{"rendered":"<p>O grupo de mulheres Ambiente Criollo apresenta a d\u00e9cima primeira edi\u00e7\u00e3o do Encontro de Mulheres de M\u00fasica Peruana, um evento que busca fortalecer a participa\u00e7\u00e3o das mulheres musicistas, em toda a sua diversidade, na ind\u00fastria da m\u00fasica, gerando impacto e contribuindo para reduzir a diferen\u00e7a de g\u00eanero no setor musical, por meio de espa\u00e7os que consolidem seu protagonismo, promovendo quest\u00f5es relacionadas \u00e0 identidade, ao empoderamento e \u00e0 igualdade de g\u00eanero.<\/p>\n<p>&nbsp;<\/p>\n<p>Esse encontro, que conta com o apoio do Minist\u00e9rio da Cultura por meio do Programa de Est\u00edmulo Econ\u00f4mico e do Programa Iberm\u00fasicas, oferecer\u00e1 nesta edi\u00e7\u00e3o master classes, workshops, palestras gratuitas e um concerto de encerramento.<\/p>\n<p>&nbsp;<\/p>\n<p>O concerto de encerramento contar\u00e1 com a participa\u00e7\u00e3o de v\u00e1rios grupos, entre eles o Aluna Tamb\u00f3, um grupo de mulheres de Arica, no Chile, que pesquisa, pratica e divulga as tradi\u00e7\u00f5es art\u00edsticas de ra\u00edzes africanas, resgatando a percuss\u00e3o e a dan\u00e7a tradicionais da cultura mandingue e o carnaval tumbe. O evento tamb\u00e9m contar\u00e1 com a participa\u00e7\u00e3o do Ambiente Criollo, organizador do evento, um grupo de m\u00fasica crioula formado inteiramente por mulheres, dedicado ao estudo, \u00e0 preserva\u00e7\u00e3o e \u00e0 cria\u00e7\u00e3o da m\u00fasica crioula, que, por meio de oficinas, shows e concertos, promove o reconhecimento da contribui\u00e7\u00e3o e do aporte de mulheres compositoras e musicistas no cen\u00e1rio art\u00edstico nacional.<\/p>\n<p>&nbsp;<\/p>\n<p>O Encontro de Mulheres de M\u00fasica Peruana nasceu em 2013 com a ideia de destacar as int\u00e9rpretes, compositoras e musicistas peruanas. Ano ap\u00f3s ano, essa proposta cresceu e se desenvolveu para se tornar uma plataforma para as mulheres peruanas dedicadas \u00e0 m\u00fasica mostrarem e divulgarem seus projetos musicais, para serem ouvidas e consideradas.<\/p>\n<p>&nbsp;<\/p>\n<p>O encontro recebeu o apoio do Programa Iberm\u00fasicas por meio de suas \u00abAjudas ao setor musical para a programa\u00e7\u00e3o ibero-americana\u00bb, a convite do grupo chileno Aluna Tamb\u00f3.<\/p>\n<p>&nbsp;<\/p>\n<p>&nbsp;<\/p>\n<ul>\n<li>S\u00e1bado, 16 de mar\u00e7o, 16h, Desfile Inaugural em Barranco<\/li>\n<li>Segunda-feira, 18 de mar\u00e7o, 18:30h, Masterclass de Composi\u00e7\u00e3o Musical por Julie Freundt na Biblioteca Municipal de Barranco<\/li>\n<li>Ter\u00e7a-feira, 19 de mar\u00e7o, 18:30h, aula magistral de canto jarana com Lucy Avil\u00e9s na Sala Acordes, Surquillo<\/li>\n<li>Ter\u00e7a-feira, 19 de mar\u00e7o de 2024 e quarta-feira, 20 de mar\u00e7o, 20:30h, Masterclass de tumbe afroarique\u00f1o por Aluna Tamb\u00f3 na Sala Acordes, Surquillo<\/li>\n<li>Quinta-feira, 21 de mar\u00e7o, 20h, Interc\u00e2mbio musical \u00abMujeres al Tambor\u00bb com a participa\u00e7\u00e3o de Aluna Tamb\u00f3 e Ambiente Criollo no Kokopelli, Barranco<\/li>\n<li>Sexta-feira, 22 de mar\u00e7o, 18:30h, Conversa \u00abParticipa\u00e7\u00e3o de mulheres musicistas em festivais e diversos fundos de apoio econ\u00f4mico\u00bb, com a participa\u00e7\u00e3o de Aluna Tamb\u00f3, artistas convidadas e gestores culturais na Biblioteca Municipal de Barranco.<\/li>\n<li>S\u00e1bado, 23 de mar\u00e7o, a partir das 16 horas, concerto de encerramento com Aroa Trio, Warmis Danzaq, Pasi\u00f3n Per\u00fa, Tomar Control, Marddy, Grandiosas Orquesta, Ambiente Criollo, Aluna Tamb\u00f3. Artista convidada: Lourdes Carhuas. Pra\u00e7a Municipal de Barranco<\/li>\n<\/ul>\n<p>&nbsp;<\/p>\n<p><a href=\"https:\/\/encuentromujeresmusicaperuana.com\/\">https:\/\/encuentromujeresmusicaperuana.com\/<\/a><\/p>\n","protected":false},"excerpt":{"rendered":"<p>O grupo de mulheres Ambiente Criollo apresenta a d\u00e9cima primeira edi\u00e7\u00e3o do Encontro de Mulheres de M\u00fasica Peruana, um evento que busca fortalecer a participa\u00e7\u00e3o das mulheres musicistas, em toda a sua diversidade, na ind\u00fastria da m\u00fasica, gerando impacto e contribuindo para reduzir a diferen\u00e7a de g\u00eanero no setor musical, por meio de espa\u00e7os que [&hellip;]<\/p>\n","protected":false},"author":7,"featured_media":18175,"comment_status":"closed","ping_status":"closed","sticky":false,"template":"","format":"standard","meta":{"footnotes":""},"categories":[218],"tags":[],"class_list":["post-18177","post","type-post","status-publish","format-standard","has-post-thumbnail","hentry","category-noticias-generales-pt"],"lang":"pt","translations":{"pt":18177,"es":18174},"pll_sync_post":[],"post_mailing_queue_ids":[],"_links":{"self":[{"href":"http:\/\/staging.ibermusicas.org\/index.php\/wp-json\/wp\/v2\/posts\/18177","targetHints":{"allow":["GET"]}}],"collection":[{"href":"http:\/\/staging.ibermusicas.org\/index.php\/wp-json\/wp\/v2\/posts"}],"about":[{"href":"http:\/\/staging.ibermusicas.org\/index.php\/wp-json\/wp\/v2\/types\/post"}],"author":[{"embeddable":true,"href":"http:\/\/staging.ibermusicas.org\/index.php\/wp-json\/wp\/v2\/users\/7"}],"replies":[{"embeddable":true,"href":"http:\/\/staging.ibermusicas.org\/index.php\/wp-json\/wp\/v2\/comments?post=18177"}],"version-history":[{"count":1,"href":"http:\/\/staging.ibermusicas.org\/index.php\/wp-json\/wp\/v2\/posts\/18177\/revisions"}],"predecessor-version":[{"id":18178,"href":"http:\/\/staging.ibermusicas.org\/index.php\/wp-json\/wp\/v2\/posts\/18177\/revisions\/18178"}],"wp:featuredmedia":[{"embeddable":true,"href":"http:\/\/staging.ibermusicas.org\/index.php\/wp-json\/wp\/v2\/media\/18175"}],"wp:attachment":[{"href":"http:\/\/staging.ibermusicas.org\/index.php\/wp-json\/wp\/v2\/media?parent=18177"}],"wp:term":[{"taxonomy":"category","embeddable":true,"href":"http:\/\/staging.ibermusicas.org\/index.php\/wp-json\/wp\/v2\/categories?post=18177"},{"taxonomy":"post_tag","embeddable":true,"href":"http:\/\/staging.ibermusicas.org\/index.php\/wp-json\/wp\/v2\/tags?post=18177"}],"curies":[{"name":"wp","href":"https:\/\/api.w.org\/{rel}","templated":true}]}}