{"id":18179,"date":"2024-03-14T14:09:07","date_gmt":"2024-03-14T14:09:07","guid":{"rendered":"http:\/\/staging.ibermusicas.org\/?p=18179"},"modified":"2024-03-27T03:22:28","modified_gmt":"2024-03-27T03:22:28","slug":"rios-la-red-iberoamericana-de-orquestas-sinfonicas-creada-por-ibermusicas-realizara-su-reunion-anual","status":"publish","type":"post","link":"http:\/\/staging.ibermusicas.org\/index.php\/rios-la-red-iberoamericana-de-orquestas-sinfonicas-creada-por-ibermusicas-realizara-su-reunion-anual\/","title":{"rendered":"RIOS, la Red Iberoamericana de Orquestas Sinf\u00f3nicas creada por Iberm\u00fasicas realizar\u00e1 su reuni\u00f3n anual"},"content":{"rendered":"<p>La Red Iberoamericana de Orquestas Sinf\u00f3nicas (RIOS) es la organizaci\u00f3n que conecta a las orquestas profesionales de la regi\u00f3n, bajo el auspicio del Programa IBERM\u00daSICAS.<\/p>\n<p>&nbsp;<\/p>\n<p>Su prop\u00f3sito es servir de referente a las orquestas sinf\u00f3nicas en Iberoam\u00e9rica, articulando proyectos en la regi\u00f3n y con el resto del mundo, y llevando adelante una agenda com\u00fan de acciones conjuntas para el fomento de las instituciones y la actividad sinf\u00f3nica.<\/p>\n<p>&nbsp;<\/p>\n<p>RIOS es un espacio convergente para las orquestas profesionales iberoamericanas. Sus miembros se convocan en una cooperaci\u00f3n inclusiva, solidaria y consensuada con el objetivo de consolidar un espacio de di\u00e1logo permanente.<\/p>\n<p>&nbsp;<\/p>\n<p>RIOS act\u00faa como plataforma para la construcci\u00f3n de una comunidad de orquestas sinf\u00f3nicas, generando las condiciones necesarias para la consolidaci\u00f3n de un circuito art\u00edstico regional integrado\u00a0 que promueva con especial \u00e9nfasis el desarrollo profesional de nuestros int\u00e9rpretes y compositores. RIOS brinda soporte en temas comunes a todas las \u00e1reas de la actividad orquestal:\u00a0 art\u00edsticos, t\u00e9cnicos y administrativos.<\/p>\n<p>&nbsp;<\/p>\n<p>RIOS\u00a0 recopila y comparte informaci\u00f3n sobre la actividad de las orquestas. El Directorio de orquestas y la Bolsa de trabajo son un primer paso en la\u00a0 construcci\u00f3n de un observatorio que aportar\u00e1 al dise\u00f1o de los ejes de trabajo.<\/p>\n<p>&nbsp;<\/p>\n<p>RIOS ofrece oportunidades de formaci\u00f3n profesional homologada que responden a las necesidades espec\u00edficas de los artistas, del personal administrativo y t\u00e9cnico de las orquestas.<\/p>\n<p>&nbsp;<\/p>\n<p>RIOS act\u00faa como portavoz de la comunidad iberoamericana de orquestas, difundiendo su actividad, generando oportunidades y recursos para el desarrollo del sector.<\/p>\n<p>&nbsp;<\/p>\n<ul>\n<li>25 de marzo<\/li>\n<\/ul>\n","protected":false},"excerpt":{"rendered":"<p>La Red Iberoamericana de Orquestas Sinf\u00f3nicas (RIOS) es la organizaci\u00f3n que conecta a las orquestas profesionales de la regi\u00f3n, bajo el auspicio del Programa IBERM\u00daSICAS. &nbsp; Su prop\u00f3sito es servir de referente a las orquestas sinf\u00f3nicas en Iberoam\u00e9rica, articulando proyectos en la regi\u00f3n y con el resto del mundo, y llevando adelante una agenda com\u00fan [&hellip;]<\/p>\n","protected":false},"author":7,"featured_media":18180,"comment_status":"closed","ping_status":"closed","sticky":false,"template":"","format":"standard","meta":{"footnotes":""},"categories":[53],"tags":[],"class_list":["post-18179","post","type-post","status-publish","format-standard","has-post-thumbnail","hentry","category-noticias-generales"],"lang":"es","translations":{"es":18179,"pt":18182},"pll_sync_post":[],"post_mailing_queue_ids":[],"_links":{"self":[{"href":"http:\/\/staging.ibermusicas.org\/index.php\/wp-json\/wp\/v2\/posts\/18179","targetHints":{"allow":["GET"]}}],"collection":[{"href":"http:\/\/staging.ibermusicas.org\/index.php\/wp-json\/wp\/v2\/posts"}],"about":[{"href":"http:\/\/staging.ibermusicas.org\/index.php\/wp-json\/wp\/v2\/types\/post"}],"author":[{"embeddable":true,"href":"http:\/\/staging.ibermusicas.org\/index.php\/wp-json\/wp\/v2\/users\/7"}],"replies":[{"embeddable":true,"href":"http:\/\/staging.ibermusicas.org\/index.php\/wp-json\/wp\/v2\/comments?post=18179"}],"version-history":[{"count":1,"href":"http:\/\/staging.ibermusicas.org\/index.php\/wp-json\/wp\/v2\/posts\/18179\/revisions"}],"predecessor-version":[{"id":18181,"href":"http:\/\/staging.ibermusicas.org\/index.php\/wp-json\/wp\/v2\/posts\/18179\/revisions\/18181"}],"wp:featuredmedia":[{"embeddable":true,"href":"http:\/\/staging.ibermusicas.org\/index.php\/wp-json\/wp\/v2\/media\/18180"}],"wp:attachment":[{"href":"http:\/\/staging.ibermusicas.org\/index.php\/wp-json\/wp\/v2\/media?parent=18179"}],"wp:term":[{"taxonomy":"category","embeddable":true,"href":"http:\/\/staging.ibermusicas.org\/index.php\/wp-json\/wp\/v2\/categories?post=18179"},{"taxonomy":"post_tag","embeddable":true,"href":"http:\/\/staging.ibermusicas.org\/index.php\/wp-json\/wp\/v2\/tags?post=18179"}],"curies":[{"name":"wp","href":"https:\/\/api.w.org\/{rel}","templated":true}]}}