{"id":18182,"date":"2024-03-14T14:10:28","date_gmt":"2024-03-14T14:10:28","guid":{"rendered":"http:\/\/staging.ibermusicas.org\/?p=18182"},"modified":"2024-03-27T03:18:45","modified_gmt":"2024-03-27T03:18:45","slug":"rios-a-rede-iberoamericana-de-orquestras-sinfonicas-criada-pelo-ibermusicas-realizara-sua-reuniao-anual","status":"publish","type":"post","link":"http:\/\/staging.ibermusicas.org\/index.php\/rios-a-rede-iberoamericana-de-orquestras-sinfonicas-criada-pelo-ibermusicas-realizara-sua-reuniao-anual\/","title":{"rendered":"RIOS, a Rede Iberoamericana de Orquestras Sinf\u00f4nicas criada pelo Iberm\u00fasicas, realizar\u00e1 sua reuni\u00e3o anual"},"content":{"rendered":"<p>A Rede Ibero-americana de Orquestras Sinf\u00f3nicas \u00e9 a organiza\u00e7\u00e3o que liga as orquestras profissionais da regi\u00e3o, sob os ausp\u00edcios do Programa IBERM\u00daSICAS.<\/p>\n<p>&nbsp;<\/p>\n<p>Seu prop\u00f3sito \u00e9 servir de referente \u00e0s orquestras sinf\u00f4nicas na Iberoam\u00e9rica, articulando projetos na regi\u00e3o e com o resto do mundo, e levando adiante uma agenda comum de a\u00e7\u00f5es conjuntas para o fomento das institui\u00e7\u00f5es e a atividade sinf\u00f4nica.<\/p>\n<p>&nbsp;<\/p>\n<p>RIOS \u00e9 um espa\u00e7o convergente para as orquestras profissionais ibero-americanas. Seus membros se convocam em uma coopera\u00e7\u00e3o inclusiva, solid\u00e1ria e consensual com o objetivo de consolidar um espa\u00e7o de di\u00e1logo permanente que enrique\u00e7a o setor.<\/p>\n<p>&nbsp;<\/p>\n<p>RIOS atua como plataforma para a constru\u00e7\u00e3o de uma comunidade de orquestras sinf\u00f4nicas, criando as condi\u00e7\u00f5es necess\u00e1rias para a consolida\u00e7\u00e3o de um circuito art\u00edstico integrado na regi\u00e3o que promova com especial \u00eanfase o desenvolvimento profissional dos nossos int\u00e9rpretes e compositores. RIOS oferece suporte em temas comuns a todas as \u00e1reas da atividade orquestral:\u00a0 art\u00edsticos, t\u00e9cnicos e administrativos.<\/p>\n<p>&nbsp;<\/p>\n<p>RIOS coleta e compartilha informa\u00e7\u00f5es sobre a atividade das orquestras. O Diret\u00f3rio de orquestras, e a Bolsa de Trabalho s\u00e3o um primeiro passo na constru\u00e7\u00e3o de um observat\u00f3rio que contribuir\u00e1 para a concep\u00e7\u00e3o dos eixos de trabalho.<\/p>\n<p>&nbsp;<\/p>\n<p>RIOS oferece oportunidades de forma\u00e7\u00e3o profissional homologada, respondendo \u00e0s necessidades espec\u00edficas dos artistas, do pessoal administrativo e t\u00e9cnico das orquestras.<\/p>\n<p>&nbsp;<\/p>\n<p>RIOS atua como porta-voz da comunidade ibero-americana de orquestras, difundindo sua atividade, e gerando oportunidades e recursos para o desenvolvimento do setor.<\/p>\n<p>&nbsp;<\/p>\n<ul>\n<li>25 de mar\u00e7o<\/li>\n<\/ul>\n","protected":false},"excerpt":{"rendered":"<p>A Rede Ibero-americana de Orquestras Sinf\u00f3nicas \u00e9 a organiza\u00e7\u00e3o que liga as orquestras profissionais da regi\u00e3o, sob os ausp\u00edcios do Programa IBERM\u00daSICAS. &nbsp; Seu prop\u00f3sito \u00e9 servir de referente \u00e0s orquestras sinf\u00f4nicas na Iberoam\u00e9rica, articulando projetos na regi\u00e3o e com o resto do mundo, e levando adiante uma agenda comum de a\u00e7\u00f5es conjuntas para o [&hellip;]<\/p>\n","protected":false},"author":7,"featured_media":18180,"comment_status":"closed","ping_status":"closed","sticky":false,"template":"","format":"standard","meta":{"footnotes":""},"categories":[218],"tags":[],"class_list":["post-18182","post","type-post","status-publish","format-standard","has-post-thumbnail","hentry","category-noticias-generales-pt"],"lang":"pt","translations":{"pt":18182,"es":18179},"pll_sync_post":[],"post_mailing_queue_ids":[],"_links":{"self":[{"href":"http:\/\/staging.ibermusicas.org\/index.php\/wp-json\/wp\/v2\/posts\/18182","targetHints":{"allow":["GET"]}}],"collection":[{"href":"http:\/\/staging.ibermusicas.org\/index.php\/wp-json\/wp\/v2\/posts"}],"about":[{"href":"http:\/\/staging.ibermusicas.org\/index.php\/wp-json\/wp\/v2\/types\/post"}],"author":[{"embeddable":true,"href":"http:\/\/staging.ibermusicas.org\/index.php\/wp-json\/wp\/v2\/users\/7"}],"replies":[{"embeddable":true,"href":"http:\/\/staging.ibermusicas.org\/index.php\/wp-json\/wp\/v2\/comments?post=18182"}],"version-history":[{"count":1,"href":"http:\/\/staging.ibermusicas.org\/index.php\/wp-json\/wp\/v2\/posts\/18182\/revisions"}],"predecessor-version":[{"id":18183,"href":"http:\/\/staging.ibermusicas.org\/index.php\/wp-json\/wp\/v2\/posts\/18182\/revisions\/18183"}],"wp:featuredmedia":[{"embeddable":true,"href":"http:\/\/staging.ibermusicas.org\/index.php\/wp-json\/wp\/v2\/media\/18180"}],"wp:attachment":[{"href":"http:\/\/staging.ibermusicas.org\/index.php\/wp-json\/wp\/v2\/media?parent=18182"}],"wp:term":[{"taxonomy":"category","embeddable":true,"href":"http:\/\/staging.ibermusicas.org\/index.php\/wp-json\/wp\/v2\/categories?post=18182"},{"taxonomy":"post_tag","embeddable":true,"href":"http:\/\/staging.ibermusicas.org\/index.php\/wp-json\/wp\/v2\/tags?post=18182"}],"curies":[{"name":"wp","href":"https:\/\/api.w.org\/{rel}","templated":true}]}}