{"id":18184,"date":"2024-03-14T14:12:02","date_gmt":"2024-03-14T14:12:02","guid":{"rendered":"http:\/\/staging.ibermusicas.org\/?p=18184"},"modified":"2024-03-14T14:12:02","modified_gmt":"2024-03-14T14:12:02","slug":"el-duo-warzyca-de-argentina-realizara-en-espana-la-grabacion-del-concierto-para-violin-aymara-de-luis-gianneo","status":"publish","type":"post","link":"http:\/\/staging.ibermusicas.org\/index.php\/el-duo-warzyca-de-argentina-realizara-en-espana-la-grabacion-del-concierto-para-violin-aymara-de-luis-gianneo\/","title":{"rendered":"El D\u00fao Warzyca de Argentina realizar\u00e1 en Espa\u00f1a la grabaci\u00f3n del Concierto para Viol\u00edn Aymara de Luis Gianneo"},"content":{"rendered":"<p>Con el objetivo de fomentar el estudio y la difusi\u00f3n de esta obra \u00fanica el D\u00fao de Argentina, integrado por la pianista B\u00e1rbara Beatriz Warzyca y la violinista Victoria Warzyca, llevar\u00e1 a cabo una grabaci\u00f3n del concierto para viol\u00edn \u201cAymara\u201d de Luis Gianneo con la reducci\u00f3n de piano.<\/p>\n<p>&nbsp;<\/p>\n<p>Este proyecto busca revalorizar una obra excepcional de la m\u00fasica cl\u00e1sica, destacando la relevancia de las instituciones involucradas, la trayectoria art\u00edstica y profesional de los m\u00fasicos, la visi\u00f3n de cultura y desarrollo sostenible, y la promoci\u00f3n de la multiculturalidad. Cabe destacar que esta propuesta abraza la multiculturalidad al incorporar elementos folkl\u00f3ricos de la cultura ind\u00edgena Aymara en su interpretaci\u00f3n.<\/p>\n<p>&nbsp;<\/p>\n<p>El CD se realizar\u00e1 en las instalaciones de DRAX AUDIO, en Madrid, Espa\u00f1a y su edici\u00f3n estar\u00e1 acompa\u00f1ada por un booklet con biograf\u00edas de las int\u00e9rpretes y del compositor, adem\u00e1s de im\u00e1genes que reflejen la esencia de la m\u00fasica interpretada. Previo a la grabaci\u00f3n las int\u00e9rpretes tomar\u00e1n clases con el maestro Sergey Teslya.<\/p>\n<p>&nbsp;<\/p>\n<p>El d\u00fao de c\u00e1mara integrado por B\u00e1rbara y Victoria Warzyca ha realizado numerosos conciertos en reconocidas salas de Argentina, como el sal\u00f3n de honor del CCK, sal\u00f3n dorado del Teatro Col\u00f3n, museo R\u00f3mulo Raggio, museo Fern\u00e1ndez Blanco, Usina del arte, y en numerosos conciertos auspiciados por la embajada de Polonia, propagando la m\u00fasica de los compositores de dicho pa\u00eds. Han tomado clases con el profesor Rafael Gintoli, Paula Peluso y Pierre Blanchard.<\/p>\n<p>&nbsp;<\/p>\n<p>El proyecto \u201cGrabaci\u00f3n del Concierto para Viol\u00edn Aymara de Luis Gianneo\u201d ha sido premiado por Iberm\u00fasicas en su l\u00ednea de acci\u00f3n de \u201cAyudas al Sector Musical para la Programaci\u00f3n Iberoamericana\u201d.<\/p>\n<p>&nbsp;<\/p>\n<p>&nbsp;<\/p>\n<ul>\n<li>Del 25 al 31 de marzo en Madrid, Espa\u00f1a<\/li>\n<\/ul>\n","protected":false},"excerpt":{"rendered":"<p>Con el objetivo de fomentar el estudio y la difusi\u00f3n de esta obra \u00fanica el D\u00fao de Argentina, integrado por la pianista B\u00e1rbara Beatriz Warzyca y la violinista Victoria Warzyca, llevar\u00e1 a cabo una grabaci\u00f3n del concierto para viol\u00edn \u201cAymara\u201d de Luis Gianneo con la reducci\u00f3n de piano. &nbsp; Este proyecto busca revalorizar una obra [&hellip;]<\/p>\n","protected":false},"author":7,"featured_media":18185,"comment_status":"closed","ping_status":"closed","sticky":false,"template":"","format":"standard","meta":{"footnotes":""},"categories":[53],"tags":[],"class_list":["post-18184","post","type-post","status-publish","format-standard","has-post-thumbnail","hentry","category-noticias-generales"],"lang":"es","translations":{"es":18184,"pt":18187},"pll_sync_post":[],"post_mailing_queue_ids":[],"_links":{"self":[{"href":"http:\/\/staging.ibermusicas.org\/index.php\/wp-json\/wp\/v2\/posts\/18184","targetHints":{"allow":["GET"]}}],"collection":[{"href":"http:\/\/staging.ibermusicas.org\/index.php\/wp-json\/wp\/v2\/posts"}],"about":[{"href":"http:\/\/staging.ibermusicas.org\/index.php\/wp-json\/wp\/v2\/types\/post"}],"author":[{"embeddable":true,"href":"http:\/\/staging.ibermusicas.org\/index.php\/wp-json\/wp\/v2\/users\/7"}],"replies":[{"embeddable":true,"href":"http:\/\/staging.ibermusicas.org\/index.php\/wp-json\/wp\/v2\/comments?post=18184"}],"version-history":[{"count":1,"href":"http:\/\/staging.ibermusicas.org\/index.php\/wp-json\/wp\/v2\/posts\/18184\/revisions"}],"predecessor-version":[{"id":18186,"href":"http:\/\/staging.ibermusicas.org\/index.php\/wp-json\/wp\/v2\/posts\/18184\/revisions\/18186"}],"wp:featuredmedia":[{"embeddable":true,"href":"http:\/\/staging.ibermusicas.org\/index.php\/wp-json\/wp\/v2\/media\/18185"}],"wp:attachment":[{"href":"http:\/\/staging.ibermusicas.org\/index.php\/wp-json\/wp\/v2\/media?parent=18184"}],"wp:term":[{"taxonomy":"category","embeddable":true,"href":"http:\/\/staging.ibermusicas.org\/index.php\/wp-json\/wp\/v2\/categories?post=18184"},{"taxonomy":"post_tag","embeddable":true,"href":"http:\/\/staging.ibermusicas.org\/index.php\/wp-json\/wp\/v2\/tags?post=18184"}],"curies":[{"name":"wp","href":"https:\/\/api.w.org\/{rel}","templated":true}]}}