{"id":18187,"date":"2024-03-14T14:13:42","date_gmt":"2024-03-14T14:13:42","guid":{"rendered":"http:\/\/staging.ibermusicas.org\/?p=18187"},"modified":"2024-03-14T14:13:42","modified_gmt":"2024-03-14T14:13:42","slug":"o-duo-warzyca-da-argentina-gravara-o-concerto-para-violino-aymara-de-luis-gianneo-na-espanha","status":"publish","type":"post","link":"http:\/\/staging.ibermusicas.org\/index.php\/o-duo-warzyca-da-argentina-gravara-o-concerto-para-violino-aymara-de-luis-gianneo-na-espanha\/","title":{"rendered":"O Duo Warzyca, da Argentina, gravar\u00e1 o Concerto para Violino Aymara de Luis Gianneo na Espanha"},"content":{"rendered":"<p>Com o objetivo de promover o estudo e a difus\u00e3o dessa obra \u00fanica, o Duo Warzyca da Argentina, formado pela pianista B\u00e1rbara Beatriz Warzyca e pela violinista Victoria Warzyca, far\u00e1 uma grava\u00e7\u00e3o do Concerto para violino Aymara de Luis Gianneo com redu\u00e7\u00e3o para piano.<\/p>\n<p>&nbsp;<\/p>\n<p>Esse projeto busca revalorizar uma obra excepcional da m\u00fasica cl\u00e1ssica, destacando a relev\u00e2ncia das institui\u00e7\u00f5es envolvidas, a trajet\u00f3ria art\u00edstica e profissional dos m\u00fasicos, a vis\u00e3o de cultura e desenvolvimento sustent\u00e1vel e a promo\u00e7\u00e3o do multiculturalismo. Deve-se observar que esta proposta abra\u00e7a o multiculturalismo ao incorporar elementos folcl\u00f3ricos da cultura ind\u00edgena aymara em sua interpreta\u00e7\u00e3o.<\/p>\n<p>&nbsp;<\/p>\n<p>O CD ser\u00e1 produzido nas instala\u00e7\u00f5es da DRAX AUDIO em Madri, Espanha, e sua edi\u00e7\u00e3o ser\u00e1 acompanhada de um livreto com biografias dos int\u00e9rpretes e do compositor, al\u00e9m de imagens que refletem a ess\u00eancia da m\u00fasica executada. Antes da grava\u00e7\u00e3o, os artistas ter\u00e3o aulas com o maestro Sergey Teslya.<\/p>\n<p>&nbsp;<\/p>\n<p>O duo de c\u00e2mara formado por B\u00e1rbara e Victoria Warzyca realizou v\u00e1rios concertos em locais renomados da Argentina, como o Sal\u00f3n de Honor del CCK, Sal\u00f3n Dorado del Teatro Col\u00f3n, Museo R\u00f3mulo Raggio, Museo Fern\u00e1ndez Blanco, Usina del Arte e em v\u00e1rios concertos patrocinados pela Embaixada da Pol\u00f4nia, promovendo a m\u00fasica de compositores poloneses. Elas tiveram aulas com o professor Rafael Gintoli, Paula Peluso e Pierre Blanchard.<\/p>\n<p>&nbsp;<\/p>\n<p>O projeto \u00abGrava\u00e7\u00e3o do Concerto para Violino Aymara de Luis Gianneo\u00bb foi premiado pelo Programa\u00a0 Iberm\u00fasicas em sua linha de a\u00e7\u00e3o \u00abAjudas ao Setor Musical para a Programa\u00e7\u00e3o Ibero-Americana\u00bb.<\/p>\n<p>&nbsp;<\/p>\n<p>&nbsp;<\/p>\n<ul>\n<li>De 25 a 31 de mar\u00e7o, em Madri, Espanha.<\/li>\n<\/ul>\n","protected":false},"excerpt":{"rendered":"<p>Com o objetivo de promover o estudo e a difus\u00e3o dessa obra \u00fanica, o Duo Warzyca da Argentina, formado pela pianista B\u00e1rbara Beatriz Warzyca e pela violinista Victoria Warzyca, far\u00e1 uma grava\u00e7\u00e3o do Concerto para violino Aymara de Luis Gianneo com redu\u00e7\u00e3o para piano. &nbsp; Esse projeto busca revalorizar uma obra excepcional da m\u00fasica cl\u00e1ssica, [&hellip;]<\/p>\n","protected":false},"author":7,"featured_media":18185,"comment_status":"closed","ping_status":"closed","sticky":false,"template":"","format":"standard","meta":{"footnotes":""},"categories":[218],"tags":[],"class_list":["post-18187","post","type-post","status-publish","format-standard","has-post-thumbnail","hentry","category-noticias-generales-pt"],"lang":"pt","translations":{"pt":18187,"es":18184},"pll_sync_post":[],"post_mailing_queue_ids":[],"_links":{"self":[{"href":"http:\/\/staging.ibermusicas.org\/index.php\/wp-json\/wp\/v2\/posts\/18187","targetHints":{"allow":["GET"]}}],"collection":[{"href":"http:\/\/staging.ibermusicas.org\/index.php\/wp-json\/wp\/v2\/posts"}],"about":[{"href":"http:\/\/staging.ibermusicas.org\/index.php\/wp-json\/wp\/v2\/types\/post"}],"author":[{"embeddable":true,"href":"http:\/\/staging.ibermusicas.org\/index.php\/wp-json\/wp\/v2\/users\/7"}],"replies":[{"embeddable":true,"href":"http:\/\/staging.ibermusicas.org\/index.php\/wp-json\/wp\/v2\/comments?post=18187"}],"version-history":[{"count":1,"href":"http:\/\/staging.ibermusicas.org\/index.php\/wp-json\/wp\/v2\/posts\/18187\/revisions"}],"predecessor-version":[{"id":18188,"href":"http:\/\/staging.ibermusicas.org\/index.php\/wp-json\/wp\/v2\/posts\/18187\/revisions\/18188"}],"wp:featuredmedia":[{"embeddable":true,"href":"http:\/\/staging.ibermusicas.org\/index.php\/wp-json\/wp\/v2\/media\/18185"}],"wp:attachment":[{"href":"http:\/\/staging.ibermusicas.org\/index.php\/wp-json\/wp\/v2\/media?parent=18187"}],"wp:term":[{"taxonomy":"category","embeddable":true,"href":"http:\/\/staging.ibermusicas.org\/index.php\/wp-json\/wp\/v2\/categories?post=18187"},{"taxonomy":"post_tag","embeddable":true,"href":"http:\/\/staging.ibermusicas.org\/index.php\/wp-json\/wp\/v2\/tags?post=18187"}],"curies":[{"name":"wp","href":"https:\/\/api.w.org\/{rel}","templated":true}]}}