{"id":18194,"date":"2024-03-14T14:43:04","date_gmt":"2024-03-14T14:43:04","guid":{"rendered":"http:\/\/staging.ibermusicas.org\/?p=18194"},"modified":"2024-03-27T03:22:15","modified_gmt":"2024-03-27T03:22:15","slug":"el-compositor-paraguayo-gabriel-caceres-inicia-su-residencia-creativa-en-espana-con-el-cuarteto-de-cuerdas-valencia","status":"publish","type":"post","link":"http:\/\/staging.ibermusicas.org\/index.php\/el-compositor-paraguayo-gabriel-caceres-inicia-su-residencia-creativa-en-espana-con-el-cuarteto-de-cuerdas-valencia\/","title":{"rendered":"El compositor paraguayo Gabriel C\u00e1ceres inicia su residencia creativa en Espa\u00f1a con el Cuarteto de Cuerdas Valencia"},"content":{"rendered":"<p>\u201cCuatro mujeres de piedra\u201d es el proyecto de creaci\u00f3n en residencia que busca fusionar la m\u00fasica cl\u00e1sica con la fuerza y pasi\u00f3n de las mujeres. Gabriel C\u00e1ceres ser\u00e1 el\u00a0 compositor residente que trabajar\u00e1 junto al Cuarteto de Cuerdas Valencia para crear una nueva pieza musical. El objetivo principal del proyecto es fomentar la igualdad de g\u00e9nero en la m\u00fasica cl\u00e1sica, destacando el talento y destreza de las mujeres en esta disciplina.<\/p>\n<p>&nbsp;<\/p>\n<p>Esta obra estar\u00e1 inspirada en las esculturas de mujeres expuestas en la plaza uruguaya de Paraguay. La pieza musical buscar\u00e1 reflejar la fuerza, destreza, delicadeza e inteligencia de la mujer. Cada escultura aportar\u00e1 una dimensi\u00f3n \u00fanica a la composici\u00f3n: La Madre simbolizar\u00e1 el amor incondicional, La Bailarina representar\u00e1 la gracia y expresi\u00f3n corporal, La Ba\u00f1ista transmitir\u00e1 la delicadeza y conexi\u00f3n con la naturaleza, y Venus personificar\u00e1 la inteligencia y sabidur\u00eda. La composici\u00f3n resultante celebrar\u00e1 la diversidad y talento de las mujeres en la m\u00fasica cl\u00e1sica, honrando tambi\u00e9n la belleza y fuerza de las esculturas en Paraguay.<\/p>\n<p>&nbsp;<\/p>\n<p>Gabriel C\u00e1ceres, recibi\u00f3 clases de violoncello con profesores de Paraguay, Venezuela, Estados Unidos y Alemania. Fue gu\u00eda de violoncello en varias orquestas juveniles y particip\u00f3 en conciertos de m\u00fasica de c\u00e1mara en diferentes auditorios nacionales e internacionales. Tambi\u00e9n asisti\u00f3 a masterclasses de interpretaci\u00f3n, improvisaci\u00f3n, jazz y composici\u00f3n. Desde 2017 ha trabajado como compositor e int\u00e9rprete en diversas producciones teatrales nacionales e internacionales, algunas premiadas. Adem\u00e1s, ha compuesto m\u00fasica para obras inspiradas en figuras importantes de la cultura paraguaya y ha realizado talleres de estimulaci\u00f3n musical integral. Ha sido invitado como compositor en el Festival de Artes esc\u00e9nicas 2023 realizado en Posadas Argentina, tambi\u00e9n ha sido parte del plantel de profesores en el Festival internacional de m\u00fasica orquestal La Tierra sin mal, realizada en Garup\u00e1 y Posadas Argentina.<\/p>\n<p>&nbsp;<\/p>\n<p>El cuarteto de cuerdas Valencia, es un grupo formado hace aproximadamente quince a\u00f1os por profesionales valencianas que combinan la ense\u00f1anza con la interpretaci\u00f3n de m\u00fasica de c\u00e1mara. Han colaborado con diversas orquestas y han realizado conciertos en salas de gran nivel cultural, como el Palau de la M\u00fasica de Valencia. Tambi\u00e9n han colaborado con figuras del pop rock actual y han participado en grabaciones de CD. Adem\u00e1s, han realizado actuaciones en fundaciones y museos de la ciudad de Valencia, as\u00ed como en eventos acad\u00e9micos como la I Jornada de M\u00fasica en Femenino organizada por la Universidad Polit\u00e9cnica de Valencia. El cuarteto se caracteriza por su constante renovaci\u00f3n en el repertorio y su aprendizaje continuo con prestigiosos profesores internacionales. Han colaborado con el director de cine y compositor Mois\u00e9s S\u00e1nchez en la realizaci\u00f3n de un cortometraje musical llamado \u00abHistoria Ac\u00fastica Europea\u00bb, que combina m\u00fasica, pintura y arquitectura.<\/p>\n<p>&nbsp;<\/p>\n<p>El proyecto presentado por Gabriel C\u00e1ceres ha sido premiado por Iberm\u00fasicas en la l\u00ednea de acci\u00f3n de \u201cAyudas a Compositores para Residencias Art\u00edsticas\u201d convocatoria 2023.<\/p>\n<p>&nbsp;<\/p>\n<p>&nbsp;<\/p>\n<ul>\n<li>22 de marzo, concierto en Conservatorio Superior de M\u00fasica \u00abSalvador Segu\u00ed\u00bb de Castell\u00f3n<\/li>\n<li>22 de marzo, concierto en Conservatorio Profesional de M\u00fasica de Ll\u00edria<\/li>\n<li>25 de marzo, concierto en Conservatorio Superior de M\u00fasica \u00abJoaqu\u00edn Rodrigo\u00bb de Valencia<\/li>\n<li>26 de marzo, concierto en Conservatorio Profesional de M\u00fasica de Meliana<\/li>\n<\/ul>\n","protected":false},"excerpt":{"rendered":"<p>\u201cCuatro mujeres de piedra\u201d es el proyecto de creaci\u00f3n en residencia que busca fusionar la m\u00fasica cl\u00e1sica con la fuerza y pasi\u00f3n de las mujeres. Gabriel C\u00e1ceres ser\u00e1 el\u00a0 compositor residente que trabajar\u00e1 junto al Cuarteto de Cuerdas Valencia para crear una nueva pieza musical. El objetivo principal del proyecto es fomentar la igualdad de [&hellip;]<\/p>\n","protected":false},"author":7,"featured_media":18195,"comment_status":"closed","ping_status":"closed","sticky":false,"template":"","format":"standard","meta":{"footnotes":""},"categories":[53],"tags":[],"class_list":["post-18194","post","type-post","status-publish","format-standard","has-post-thumbnail","hentry","category-noticias-generales"],"lang":"es","translations":{"es":18194,"pt":18197},"pll_sync_post":[],"post_mailing_queue_ids":[],"_links":{"self":[{"href":"http:\/\/staging.ibermusicas.org\/index.php\/wp-json\/wp\/v2\/posts\/18194","targetHints":{"allow":["GET"]}}],"collection":[{"href":"http:\/\/staging.ibermusicas.org\/index.php\/wp-json\/wp\/v2\/posts"}],"about":[{"href":"http:\/\/staging.ibermusicas.org\/index.php\/wp-json\/wp\/v2\/types\/post"}],"author":[{"embeddable":true,"href":"http:\/\/staging.ibermusicas.org\/index.php\/wp-json\/wp\/v2\/users\/7"}],"replies":[{"embeddable":true,"href":"http:\/\/staging.ibermusicas.org\/index.php\/wp-json\/wp\/v2\/comments?post=18194"}],"version-history":[{"count":1,"href":"http:\/\/staging.ibermusicas.org\/index.php\/wp-json\/wp\/v2\/posts\/18194\/revisions"}],"predecessor-version":[{"id":18196,"href":"http:\/\/staging.ibermusicas.org\/index.php\/wp-json\/wp\/v2\/posts\/18194\/revisions\/18196"}],"wp:featuredmedia":[{"embeddable":true,"href":"http:\/\/staging.ibermusicas.org\/index.php\/wp-json\/wp\/v2\/media\/18195"}],"wp:attachment":[{"href":"http:\/\/staging.ibermusicas.org\/index.php\/wp-json\/wp\/v2\/media?parent=18194"}],"wp:term":[{"taxonomy":"category","embeddable":true,"href":"http:\/\/staging.ibermusicas.org\/index.php\/wp-json\/wp\/v2\/categories?post=18194"},{"taxonomy":"post_tag","embeddable":true,"href":"http:\/\/staging.ibermusicas.org\/index.php\/wp-json\/wp\/v2\/tags?post=18194"}],"curies":[{"name":"wp","href":"https:\/\/api.w.org\/{rel}","templated":true}]}}