{"id":18197,"date":"2024-03-14T14:49:14","date_gmt":"2024-03-14T14:49:14","guid":{"rendered":"http:\/\/staging.ibermusicas.org\/?p=18197"},"modified":"2024-03-27T03:18:28","modified_gmt":"2024-03-27T03:18:28","slug":"o-compositor-paraguaio-gabriel-caceres-inicia-sua-residencia-criativa-na-espanha-com-o-quarteto-de-cordas-valencia","status":"publish","type":"post","link":"http:\/\/staging.ibermusicas.org\/index.php\/o-compositor-paraguaio-gabriel-caceres-inicia-sua-residencia-criativa-na-espanha-com-o-quarteto-de-cordas-valencia\/","title":{"rendered":"O compositor paraguaio Gabriel C\u00e1ceres inicia sua resid\u00eancia criativa na Espanha com o Quarteto de Cordas Valencia"},"content":{"rendered":"<p>\u00abCuatro mujeres de piedra\u00bb \u00e9 um projeto de resid\u00eancia criativa que busca fundir a m\u00fasica cl\u00e1ssica com a for\u00e7a e a paix\u00e3o das mulheres. Gabriel C\u00e1ceres ser\u00e1 o compositor residente que trabalhar\u00e1 com o Quarteto de Cordas Val\u00eancia para criar uma nova pe\u00e7a musical. O principal objetivo do projeto \u00e9 promover a igualdade de g\u00eanero na m\u00fasica cl\u00e1ssica, destacando o talento e a habilidade das mulheres nessa disciplina.<\/p>\n<p>Essa pe\u00e7a ser\u00e1 inspirada nas esculturas de mulheres exibidas na pra\u00e7a do Uruguai, no Paraguai. A pe\u00e7a musical buscar\u00e1 refletir a for\u00e7a, a habilidade, a delicadeza e a intelig\u00eancia das mulheres. Cada escultura trar\u00e1 uma dimens\u00e3o \u00fanica para a composi\u00e7\u00e3o: La Madre simbolizar\u00e1 o amor incondicional, La Bailarina representar\u00e1 a gra\u00e7a e a express\u00e3o corporal, La Ba\u00f1ista transmitir\u00e1 a delicadeza e a conex\u00e3o com a natureza, e V\u00eanus personificar\u00e1 a intelig\u00eancia e a sabedoria. A composi\u00e7\u00e3o resultante celebrar\u00e1 a diversidade e o talento das mulheres na m\u00fasica cl\u00e1ssica, al\u00e9m de homenagear a beleza e a for\u00e7a da escultura no Paraguai.<\/p>\n<p>Gabriel C\u00e1ceres recebeu aulas de violoncelo com professores do Paraguai, Venezuela, Estados Unidos e Alemanha. Ele foi guia de violoncelo em v\u00e1rias orquestras juvenis e participou de concertos de m\u00fasica de c\u00e2mara em diferentes audit\u00f3rios nacionais e internacionais. Tamb\u00e9m participou de masterclasses em performance, improvisa\u00e7\u00e3o, jazz e composi\u00e7\u00e3o. Desde 2017, tem trabalhado como compositor e int\u00e9rprete em diversas produ\u00e7\u00f5es teatrais nacionais e internacionais, algumas delas premiadas. Al\u00e9m disso, comp\u00f4s m\u00fasica para obras inspiradas em figuras importantes da cultura paraguaia e conduziu oficinas de estimula\u00e7\u00e3o musical integral. Foi convidado como compositor no Festival de Artes Esc\u00e9nicas 2023, realizado em Posadas, Argentina, e tamb\u00e9m fez parte da equipe de professores do festival internacional de m\u00fasica orquestral La Tierra sin mal, realizado em Garup\u00e1 e Posadas, Argentina.<\/p>\n<p>O Quarteto de Cordas Val\u00eancia \u00e9 um grupo formado h\u00e1 aproximadamente quinze anos por profissionais val\u00eancianas que combinam o ensino com a execu\u00e7\u00e3o de m\u00fasica de c\u00e2mara. Elas colaboraram com v\u00e1rias orquestras e realizaram concertos em salas de grande n\u00edvel cultural, como o Palau de la M\u00fasica, em Val\u00eancia. Tamb\u00e9m colaboraram com figuras atuais do pop rock e participaram de grava\u00e7\u00f5es de CDs. Se apresentaram em funda\u00e7\u00f5es e museus da cidade de Val\u00eancia, bem como em eventos acad\u00eamicos, como a I Jornada de M\u00fasica en Femenino, organizada pela Universidade Polit\u00e9cnica de Val\u00eancia. O quarteto se caracteriza por sua constante renova\u00e7\u00e3o de repert\u00f3rio e seu aprendizado cont\u00ednuo com professores internacionais de prest\u00edgio. Elas colaboraram com o diretor de cinema e compositor Mois\u00e9s S\u00e1nchez na cria\u00e7\u00e3o de um curta-metragem musical chamado \u00abEuropean Acoustic History\u00bb, que combina m\u00fasica, pintura e arquitetura.<\/p>\n<p>O projeto apresentado por Gabriel C\u00e1ceres foi premiado pelo Programa Iberm\u00fasicas na linha de a\u00e7\u00e3o \u00abAjudas a Compositores para Resid\u00eancias Art\u00edsticas\u00bb chamada do ano de 2023.<\/p>\n<p>\u25cf 22 de mar\u00e7o, concerto no Conservat\u00f3rio Superior de M\u00fasica \u00abSalvador Segu\u00ed\u00bb de Castell\u00f3n<br \/>\n\u25cf 22 de mar\u00e7o, concerto no Conservat\u00f3rio Profissional de M\u00fasica de Ll\u00edria<br \/>\n\u25cf 25 de mar\u00e7o, concerto no Conservat\u00f3rio Superior de M\u00fasica \u00abJoaqu\u00edn Rodrigo\u00bb de Val\u00eancia<br \/>\n\u25cf 26 de mar\u00e7o, concerto no Conservat\u00f3rio Profissional de M\u00fasica de Meliana<\/p>\n","protected":false},"excerpt":{"rendered":"<p>\u00abCuatro mujeres de piedra\u00bb \u00e9 um projeto de resid\u00eancia criativa que busca fundir a m\u00fasica cl\u00e1ssica com a for\u00e7a e a paix\u00e3o das mulheres. Gabriel C\u00e1ceres ser\u00e1 o compositor residente que trabalhar\u00e1 com o Quarteto de Cordas Val\u00eancia para criar uma nova pe\u00e7a musical. O principal objetivo do projeto \u00e9 promover a igualdade de g\u00eanero [&hellip;]<\/p>\n","protected":false},"author":7,"featured_media":18195,"comment_status":"closed","ping_status":"closed","sticky":false,"template":"","format":"standard","meta":{"footnotes":""},"categories":[218],"tags":[],"class_list":["post-18197","post","type-post","status-publish","format-standard","has-post-thumbnail","hentry","category-noticias-generales-pt"],"lang":"pt","translations":{"pt":18197,"es":18194},"pll_sync_post":[],"post_mailing_queue_ids":[],"_links":{"self":[{"href":"http:\/\/staging.ibermusicas.org\/index.php\/wp-json\/wp\/v2\/posts\/18197","targetHints":{"allow":["GET"]}}],"collection":[{"href":"http:\/\/staging.ibermusicas.org\/index.php\/wp-json\/wp\/v2\/posts"}],"about":[{"href":"http:\/\/staging.ibermusicas.org\/index.php\/wp-json\/wp\/v2\/types\/post"}],"author":[{"embeddable":true,"href":"http:\/\/staging.ibermusicas.org\/index.php\/wp-json\/wp\/v2\/users\/7"}],"replies":[{"embeddable":true,"href":"http:\/\/staging.ibermusicas.org\/index.php\/wp-json\/wp\/v2\/comments?post=18197"}],"version-history":[{"count":1,"href":"http:\/\/staging.ibermusicas.org\/index.php\/wp-json\/wp\/v2\/posts\/18197\/revisions"}],"predecessor-version":[{"id":18198,"href":"http:\/\/staging.ibermusicas.org\/index.php\/wp-json\/wp\/v2\/posts\/18197\/revisions\/18198"}],"wp:featuredmedia":[{"embeddable":true,"href":"http:\/\/staging.ibermusicas.org\/index.php\/wp-json\/wp\/v2\/media\/18195"}],"wp:attachment":[{"href":"http:\/\/staging.ibermusicas.org\/index.php\/wp-json\/wp\/v2\/media?parent=18197"}],"wp:term":[{"taxonomy":"category","embeddable":true,"href":"http:\/\/staging.ibermusicas.org\/index.php\/wp-json\/wp\/v2\/categories?post=18197"},{"taxonomy":"post_tag","embeddable":true,"href":"http:\/\/staging.ibermusicas.org\/index.php\/wp-json\/wp\/v2\/tags?post=18197"}],"curies":[{"name":"wp","href":"https:\/\/api.w.org\/{rel}","templated":true}]}}