{"id":18204,"date":"2024-03-14T14:56:15","date_gmt":"2024-03-14T14:56:15","guid":{"rendered":"http:\/\/staging.ibermusicas.org\/?p=18204"},"modified":"2024-03-14T14:56:15","modified_gmt":"2024-03-14T14:56:15","slug":"el-festival-trama-presenta-un-concierto-al-aire-libre-en-la-concha-acustica-del-parque-agua-azul","status":"publish","type":"post","link":"http:\/\/staging.ibermusicas.org\/index.php\/el-festival-trama-presenta-un-concierto-al-aire-libre-en-la-concha-acustica-del-parque-agua-azul\/","title":{"rendered":"El Festival Trama presenta un concierto al aire libre en la Concha Ac\u00fastica del Parque Agua Azul"},"content":{"rendered":"<p>El line up del Festival Trama, que busca poner a las mujeres artistas al centro de la escena, lo encabezan cantautoras de nivel internacional como la rapera franco-chilena Ana Tijoux, Yoss Bones, Mc Millaray, Acid Coco, Telmary y Malaika.<\/p>\n<p>&nbsp;<\/p>\n<p>La Concha Ac\u00fastica del Parque Agua Azul ser\u00e1 la sede de este concierto al que se suman actividades culturales de diversos formatos para infancias, as\u00ed como para madres, padres y la ciudadan\u00eda toda. Trama tambi\u00e9n propondr\u00e1 espacios pensados en las necesidades de personas sordas, neurodivergentes y con alg\u00fan otro tipo de discapacidad para que puedan disfrutar por igual del concierto.<\/p>\n<p>&nbsp;<\/p>\n<p>Adem\u00e1s del festival musical, Encuentro Trama incluye una programaci\u00f3n adicional con presentaciones de artes esc\u00e9nicas, talleres y residencias creativas dirigidos y ejecutados por mujeres y disidencias que se realizar\u00e1n como actividades complementarias a lo largo del mes. Con esta iniciativa, Encuentro Trama contin\u00faa con su misi\u00f3n de visibilizar y promover el trabajo de las mujeres en las artes y la cultura.<\/p>\n<p>&nbsp;<\/p>\n<p>El Encuentro Trama ha reunido durante tres a\u00f1os a m\u00e1s de 100 artistas mujeres y disidencias en el marco del D\u00eda Internacional de la Mujer, celebrando el arte, luchando por espacios dignos e igualitarios y promoviendo espacios de desarrollo y creatividad creados por mujeres de Guadalajara, Chile, Cuba, Argentina, Italia y Espa\u00f1a.<\/p>\n<p>&nbsp;<\/p>\n<p>Este festival cuenta con el apoyo de Iberm\u00fasicas a trav\u00e9s de sus Ayudas al Sector Musical para la Programaci\u00f3n, convocatorias 2023.<\/p>\n<p>&nbsp;<\/p>\n<p>&nbsp;<\/p>\n<ul>\n<li>30 de marzo de 15h a 23h en la Concha Ac\u00fastica del Parque Agua Azul<\/li>\n<\/ul>\n","protected":false},"excerpt":{"rendered":"<p>El line up del Festival Trama, que busca poner a las mujeres artistas al centro de la escena, lo encabezan cantautoras de nivel internacional como la rapera franco-chilena Ana Tijoux, Yoss Bones, Mc Millaray, Acid Coco, Telmary y Malaika. &nbsp; La Concha Ac\u00fastica del Parque Agua Azul ser\u00e1 la sede de este concierto al que [&hellip;]<\/p>\n","protected":false},"author":7,"featured_media":18205,"comment_status":"closed","ping_status":"closed","sticky":false,"template":"","format":"standard","meta":{"footnotes":""},"categories":[53],"tags":[],"class_list":["post-18204","post","type-post","status-publish","format-standard","has-post-thumbnail","hentry","category-noticias-generales"],"lang":"es","translations":{"es":18204,"pt":18207},"pll_sync_post":[],"post_mailing_queue_ids":[],"_links":{"self":[{"href":"http:\/\/staging.ibermusicas.org\/index.php\/wp-json\/wp\/v2\/posts\/18204","targetHints":{"allow":["GET"]}}],"collection":[{"href":"http:\/\/staging.ibermusicas.org\/index.php\/wp-json\/wp\/v2\/posts"}],"about":[{"href":"http:\/\/staging.ibermusicas.org\/index.php\/wp-json\/wp\/v2\/types\/post"}],"author":[{"embeddable":true,"href":"http:\/\/staging.ibermusicas.org\/index.php\/wp-json\/wp\/v2\/users\/7"}],"replies":[{"embeddable":true,"href":"http:\/\/staging.ibermusicas.org\/index.php\/wp-json\/wp\/v2\/comments?post=18204"}],"version-history":[{"count":1,"href":"http:\/\/staging.ibermusicas.org\/index.php\/wp-json\/wp\/v2\/posts\/18204\/revisions"}],"predecessor-version":[{"id":18206,"href":"http:\/\/staging.ibermusicas.org\/index.php\/wp-json\/wp\/v2\/posts\/18204\/revisions\/18206"}],"wp:featuredmedia":[{"embeddable":true,"href":"http:\/\/staging.ibermusicas.org\/index.php\/wp-json\/wp\/v2\/media\/18205"}],"wp:attachment":[{"href":"http:\/\/staging.ibermusicas.org\/index.php\/wp-json\/wp\/v2\/media?parent=18204"}],"wp:term":[{"taxonomy":"category","embeddable":true,"href":"http:\/\/staging.ibermusicas.org\/index.php\/wp-json\/wp\/v2\/categories?post=18204"},{"taxonomy":"post_tag","embeddable":true,"href":"http:\/\/staging.ibermusicas.org\/index.php\/wp-json\/wp\/v2\/tags?post=18204"}],"curies":[{"name":"wp","href":"https:\/\/api.w.org\/{rel}","templated":true}]}}