{"id":18207,"date":"2024-03-14T14:59:06","date_gmt":"2024-03-14T14:59:06","guid":{"rendered":"http:\/\/staging.ibermusicas.org\/?p=18207"},"modified":"2024-03-14T14:59:06","modified_gmt":"2024-03-14T14:59:06","slug":"o-festival-trama-apresenta-um-concerto-ao-ar-livre-na-concha-acustica-do-parque-agua-azul","status":"publish","type":"post","link":"http:\/\/staging.ibermusicas.org\/index.php\/o-festival-trama-apresenta-um-concerto-ao-ar-livre-na-concha-acustica-do-parque-agua-azul\/","title":{"rendered":"O Festival Trama apresenta um concerto ao ar livre na Concha Ac\u00fastica do Parque \u00c1gua Azul"},"content":{"rendered":"<p>O cartaz do Festival Trama, que procura colocar as mulheres artistas no centro da cena, \u00e9 encabe\u00e7ado por cantoras e compositoras internacionais como a rapper franco-chilena Ana Tijoux, Yoss Bones, Mc Millaray, Acid Coco, Telmary e Malaika.<\/p>\n<p>A Concha Ac\u00fastica do Parque \u00c1gua Azul ser\u00e1 o palco deste concerto, que ser\u00e1 acompanhado por actividades culturais em v\u00e1rios formatos para crian\u00e7as, bem como para m\u00e3es, pais e p\u00fablico em geral. Trama propor\u00e1 tamb\u00e9m espa\u00e7os concebidos para satisfazer as necessidades das pessoas surdas, neurodivergentes e com outros tipos de defici\u00eancia, para que possam desfrutar do concerto em igualdade de circunst\u00e2ncias.<\/p>\n<p>Para al\u00e9m do festival de m\u00fasica, o Encontro Trama inclui um programa adicional com apresenta\u00e7\u00f5es de artes performativas, workshops e resid\u00eancias criativas dirigidas e executadas por mulheres e dissidentes, que ter\u00e3o lugar como actividades complementares ao longo do m\u00eas. Com esta iniciativa, o Encontro Trama prossegue a sua miss\u00e3o de tornar vis\u00edvel e promover o trabalho das mulheres nas artes e na cultura.<\/p>\n<p>Durante tr\u00eas anos, o Encuentro Trama reuniu mais de 100 mulheres artistas e dissidentes no \u00e2mbito do Dia Internacional da Mulher, celebrando a arte, lutando por espa\u00e7os dignos e igualit\u00e1rios e promovendo espa\u00e7os de desenvolvimento e criatividade criados por mulheres de Guadalajara, Chile, Cuba, Argentina, It\u00e1lia e Espanha.<br \/>\nEste festival \u00e9 apoiado pelo Programa Iberm\u00fasicas atrav\u00e9s das suas Ajudas ao Sector Musical para a Programa\u00e7\u00e3o, chamadas 2023.<\/p>\n<p>\u25cf 30 de mar\u00e7o, das 15h \u00e0s 23h, na Concha Ac\u00fastica do Parque \u00c1gua Azul.<\/p>\n","protected":false},"excerpt":{"rendered":"<p>O cartaz do Festival Trama, que procura colocar as mulheres artistas no centro da cena, \u00e9 encabe\u00e7ado por cantoras e compositoras internacionais como a rapper franco-chilena Ana Tijoux, Yoss Bones, Mc Millaray, Acid Coco, Telmary e Malaika. A Concha Ac\u00fastica do Parque \u00c1gua Azul ser\u00e1 o palco deste concerto, que ser\u00e1 acompanhado por actividades culturais [&hellip;]<\/p>\n","protected":false},"author":7,"featured_media":18205,"comment_status":"closed","ping_status":"closed","sticky":false,"template":"","format":"standard","meta":{"footnotes":""},"categories":[218],"tags":[],"class_list":["post-18207","post","type-post","status-publish","format-standard","has-post-thumbnail","hentry","category-noticias-generales-pt"],"lang":"pt","translations":{"pt":18207,"es":18204},"pll_sync_post":[],"post_mailing_queue_ids":[],"_links":{"self":[{"href":"http:\/\/staging.ibermusicas.org\/index.php\/wp-json\/wp\/v2\/posts\/18207","targetHints":{"allow":["GET"]}}],"collection":[{"href":"http:\/\/staging.ibermusicas.org\/index.php\/wp-json\/wp\/v2\/posts"}],"about":[{"href":"http:\/\/staging.ibermusicas.org\/index.php\/wp-json\/wp\/v2\/types\/post"}],"author":[{"embeddable":true,"href":"http:\/\/staging.ibermusicas.org\/index.php\/wp-json\/wp\/v2\/users\/7"}],"replies":[{"embeddable":true,"href":"http:\/\/staging.ibermusicas.org\/index.php\/wp-json\/wp\/v2\/comments?post=18207"}],"version-history":[{"count":1,"href":"http:\/\/staging.ibermusicas.org\/index.php\/wp-json\/wp\/v2\/posts\/18207\/revisions"}],"predecessor-version":[{"id":18208,"href":"http:\/\/staging.ibermusicas.org\/index.php\/wp-json\/wp\/v2\/posts\/18207\/revisions\/18208"}],"wp:featuredmedia":[{"embeddable":true,"href":"http:\/\/staging.ibermusicas.org\/index.php\/wp-json\/wp\/v2\/media\/18205"}],"wp:attachment":[{"href":"http:\/\/staging.ibermusicas.org\/index.php\/wp-json\/wp\/v2\/media?parent=18207"}],"wp:term":[{"taxonomy":"category","embeddable":true,"href":"http:\/\/staging.ibermusicas.org\/index.php\/wp-json\/wp\/v2\/categories?post=18207"},{"taxonomy":"post_tag","embeddable":true,"href":"http:\/\/staging.ibermusicas.org\/index.php\/wp-json\/wp\/v2\/tags?post=18207"}],"curies":[{"name":"wp","href":"https:\/\/api.w.org\/{rel}","templated":true}]}}