{"id":18224,"date":"2024-03-27T03:32:37","date_gmt":"2024-03-27T03:32:37","guid":{"rendered":"http:\/\/staging.ibermusicas.org\/?p=18224"},"modified":"2024-03-27T03:32:37","modified_gmt":"2024-03-27T03:32:37","slug":"comeca-a-oficina-online-gratuita-de-acordeao-ministrado-por-matias-rojas-e-toninho-ferragutti","status":"publish","type":"post","link":"http:\/\/staging.ibermusicas.org\/index.php\/comeca-a-oficina-online-gratuita-de-acordeao-ministrado-por-matias-rojas-e-toninho-ferragutti\/","title":{"rendered":"Come\u00e7a a oficina online gratuita de acorde\u00e3o ministrado por Mat\u00edas Rojas e Toninho Ferragutti"},"content":{"rendered":"<p>A oficina de especializa\u00e7\u00e3o visa aprimorar e aprofundar o estudo t\u00e9cnico e estil\u00edstico do acorde\u00e3o na m\u00fasica popular e, com base nisso, fortalecer o v\u00ednculo entre os instrumentistas chilenos, brasileiros e de outras partes do mundo que participam das aulas.<\/p>\n<p>&nbsp;<\/p>\n<p>O objetivo \u00e9 fornecer elementos t\u00e9cnicos, interpretativos e estil\u00edsticos para o estudo do acorde\u00e3o e da m\u00fasica popular. Com base nisso, espera-se que os participantes do workshop possam obter ferramentas pr\u00e1ticas e te\u00f3ricas para abordar um repert\u00f3rio ou pe\u00e7a musical dentro desses estilos a serem estudados e planejar sua pr\u00f3pria rotina de estudos com base nos assuntos apresentados.<\/p>\n<p>&nbsp;<\/p>\n<p>Por outro lado, o objetivo \u00e9 incentivar o desenvolvimento do estudo e aperfei\u00e7oamento do acorde\u00e3o no Chile e tamb\u00e9m contribuir para o patrim\u00f4nio cultural musical chileno, relacionando elementos musicais e est\u00e9ticos de pa\u00edses pr\u00f3ximos, neste caso com o professor convidado do Brasil, Toninho Ferragutti.<\/p>\n","protected":false},"excerpt":{"rendered":"<p>A oficina de especializa\u00e7\u00e3o visa aprimorar e aprofundar o estudo t\u00e9cnico e estil\u00edstico do acorde\u00e3o na m\u00fasica popular e, com base nisso, fortalecer o v\u00ednculo entre os instrumentistas chilenos, brasileiros e de outras partes do mundo que participam das aulas. &nbsp; O objetivo \u00e9 fornecer elementos t\u00e9cnicos, interpretativos e estil\u00edsticos para o estudo do acorde\u00e3o [&hellip;]<\/p>\n","protected":false},"author":7,"featured_media":18222,"comment_status":"closed","ping_status":"closed","sticky":false,"template":"","format":"standard","meta":{"footnotes":""},"categories":[218],"tags":[],"class_list":["post-18224","post","type-post","status-publish","format-standard","has-post-thumbnail","hentry","category-noticias-generales-pt"],"lang":"pt","translations":{"pt":18224,"es":18221},"pll_sync_post":[],"post_mailing_queue_ids":[],"_links":{"self":[{"href":"http:\/\/staging.ibermusicas.org\/index.php\/wp-json\/wp\/v2\/posts\/18224","targetHints":{"allow":["GET"]}}],"collection":[{"href":"http:\/\/staging.ibermusicas.org\/index.php\/wp-json\/wp\/v2\/posts"}],"about":[{"href":"http:\/\/staging.ibermusicas.org\/index.php\/wp-json\/wp\/v2\/types\/post"}],"author":[{"embeddable":true,"href":"http:\/\/staging.ibermusicas.org\/index.php\/wp-json\/wp\/v2\/users\/7"}],"replies":[{"embeddable":true,"href":"http:\/\/staging.ibermusicas.org\/index.php\/wp-json\/wp\/v2\/comments?post=18224"}],"version-history":[{"count":1,"href":"http:\/\/staging.ibermusicas.org\/index.php\/wp-json\/wp\/v2\/posts\/18224\/revisions"}],"predecessor-version":[{"id":18225,"href":"http:\/\/staging.ibermusicas.org\/index.php\/wp-json\/wp\/v2\/posts\/18224\/revisions\/18225"}],"wp:featuredmedia":[{"embeddable":true,"href":"http:\/\/staging.ibermusicas.org\/index.php\/wp-json\/wp\/v2\/media\/18222"}],"wp:attachment":[{"href":"http:\/\/staging.ibermusicas.org\/index.php\/wp-json\/wp\/v2\/media?parent=18224"}],"wp:term":[{"taxonomy":"category","embeddable":true,"href":"http:\/\/staging.ibermusicas.org\/index.php\/wp-json\/wp\/v2\/categories?post=18224"},{"taxonomy":"post_tag","embeddable":true,"href":"http:\/\/staging.ibermusicas.org\/index.php\/wp-json\/wp\/v2\/tags?post=18224"}],"curies":[{"name":"wp","href":"https:\/\/api.w.org\/{rel}","templated":true}]}}