{"id":18231,"date":"2024-03-27T03:37:12","date_gmt":"2024-03-27T03:37:12","guid":{"rendered":"http:\/\/staging.ibermusicas.org\/?p=18231"},"modified":"2024-04-29T17:47:36","modified_gmt":"2024-04-29T17:47:36","slug":"escucha-el-sonido-de-la-lutheria-invita-al-taller-de-mantenimiento-correctivo-para-instrumentos-de-viento-de-metal","status":"publish","type":"post","link":"http:\/\/staging.ibermusicas.org\/index.php\/escucha-el-sonido-de-la-lutheria-invita-al-taller-de-mantenimiento-correctivo-para-instrumentos-de-viento-de-metal\/","title":{"rendered":"Escucha el Sonido de la Luther\u00eda invita al taller de mantenimiento correctivo para instrumentos de viento de metal"},"content":{"rendered":"<p>Se trata de un taller destinado a que estudiantes e int\u00e9rpretes avanzados aprendan sobre el armado y desarmado del instrumento musical, limpieza profunda de todas las piezas que lo conforman, aceitado y engrasado.<\/p>\n<p>&nbsp;<\/p>\n<p>Estar\u00e1 a cargo de Jorge Alberto Cerda Contreras, un trombonista con una amplia experiencia en luther\u00eda especializado en f\u00e1bricas de nivel mundial como Yamaha de Chile y Lechner de Austria. Es coordinador de la Agrupaci\u00f3n Chilena de Luther\u00eda, vicepresidente de la Corporaci\u00f3n de Fomento de Bandas Estudiantiles (Corfobae, Chile) y miembro de la Asociaci\u00f3n Colombiana de Luther\u00eda. Ha participado como relator en m\u00faltiples seminarios nacionales e internacionales sobre servicio t\u00e9cnico y mantenimiento de instrumentos de viento, luther\u00eda y direcci\u00f3n de bandas en organizaciones y empresas como la Asociaci\u00f3n de Luthieres de Brasil, la Asociaci\u00f3n Latinoamericana de Luther\u00eda, Yamaha, entre otros, en m\u00faltiples pa\u00edses como Colombia, Argentina, Venezuela y Brasil. Ha ejercido como jefe de servicio t\u00e9cnico en bronces en Flute Service (Chile) y es creador de la empresa JCBrass (servicio t\u00e9cnico integral de instrumentos musicales). Por \u00faltimo, es t\u00e9cnico autorizado de Yamaha Music Latin America LTD.<\/p>\n<p>&nbsp;<\/p>\n<p>El taller que brindar\u00e1 a sus colegas es el resultado del trabajo de especializaci\u00f3n llevado a cabo junto al maestro colombiano Carlos Eduardo Aponte Ram\u00edrez en el marco de las \u201cAyudas para la especializaci\u00f3n y el perfeccionamiento art\u00edstico y t\u00e9cnico del sector musical &#8211; 2023\u201d otorgadas por Iberm\u00fasicas.<\/p>\n<p>&nbsp;<\/p>\n<ul>\n<li>6 y 7 de abril en Batuta Meta, Calle 46 #28-20, La Grama, Villavicencio, Chile<\/li>\n<\/ul>\n","protected":false},"excerpt":{"rendered":"<p>Se trata de un taller destinado a que estudiantes e int\u00e9rpretes avanzados aprendan sobre el armado y desarmado del instrumento musical, limpieza profunda de todas las piezas que lo conforman, aceitado y engrasado. &nbsp; Estar\u00e1 a cargo de Jorge Alberto Cerda Contreras, un trombonista con una amplia experiencia en luther\u00eda especializado en f\u00e1bricas de nivel [&hellip;]<\/p>\n","protected":false},"author":7,"featured_media":18232,"comment_status":"closed","ping_status":"closed","sticky":false,"template":"","format":"standard","meta":{"footnotes":""},"categories":[53],"tags":[],"class_list":["post-18231","post","type-post","status-publish","format-standard","has-post-thumbnail","hentry","category-noticias-generales"],"lang":"es","translations":{"es":18231,"pt":18234},"pll_sync_post":[],"post_mailing_queue_ids":[],"_links":{"self":[{"href":"http:\/\/staging.ibermusicas.org\/index.php\/wp-json\/wp\/v2\/posts\/18231","targetHints":{"allow":["GET"]}}],"collection":[{"href":"http:\/\/staging.ibermusicas.org\/index.php\/wp-json\/wp\/v2\/posts"}],"about":[{"href":"http:\/\/staging.ibermusicas.org\/index.php\/wp-json\/wp\/v2\/types\/post"}],"author":[{"embeddable":true,"href":"http:\/\/staging.ibermusicas.org\/index.php\/wp-json\/wp\/v2\/users\/7"}],"replies":[{"embeddable":true,"href":"http:\/\/staging.ibermusicas.org\/index.php\/wp-json\/wp\/v2\/comments?post=18231"}],"version-history":[{"count":1,"href":"http:\/\/staging.ibermusicas.org\/index.php\/wp-json\/wp\/v2\/posts\/18231\/revisions"}],"predecessor-version":[{"id":18233,"href":"http:\/\/staging.ibermusicas.org\/index.php\/wp-json\/wp\/v2\/posts\/18231\/revisions\/18233"}],"wp:featuredmedia":[{"embeddable":true,"href":"http:\/\/staging.ibermusicas.org\/index.php\/wp-json\/wp\/v2\/media\/18232"}],"wp:attachment":[{"href":"http:\/\/staging.ibermusicas.org\/index.php\/wp-json\/wp\/v2\/media?parent=18231"}],"wp:term":[{"taxonomy":"category","embeddable":true,"href":"http:\/\/staging.ibermusicas.org\/index.php\/wp-json\/wp\/v2\/categories?post=18231"},{"taxonomy":"post_tag","embeddable":true,"href":"http:\/\/staging.ibermusicas.org\/index.php\/wp-json\/wp\/v2\/tags?post=18231"}],"curies":[{"name":"wp","href":"https:\/\/api.w.org\/{rel}","templated":true}]}}