{"id":18234,"date":"2024-03-27T03:38:25","date_gmt":"2024-03-27T03:38:25","guid":{"rendered":"http:\/\/staging.ibermusicas.org\/?p=18234"},"modified":"2024-04-29T17:33:56","modified_gmt":"2024-04-29T17:33:56","slug":"escucha-el-sonido-de-la-lutheria-convida-para-o-workshop-de-manutencao-correctiva-de-instrumentos-de-sopro-de-metais","status":"publish","type":"post","link":"http:\/\/staging.ibermusicas.org\/index.php\/escucha-el-sonido-de-la-lutheria-convida-para-o-workshop-de-manutencao-correctiva-de-instrumentos-de-sopro-de-metais\/","title":{"rendered":"Escucha el Sonido de la Luther\u00eda convida para o workshop de manuten\u00e7\u00e3o correctiva de instrumentos de sopro de metais"},"content":{"rendered":"<p>Trata-se de um workshop destinado a estudantes e m\u00fasicos avan\u00e7ados para aprender a montar e desmontar o instrumento musical, limpar em profundidade todas as partes que o comp\u00f5em, lubrificar e engraxar.<\/p>\n<p>&nbsp;<\/p>\n<p>Ser\u00e1 ministrado por Jorge Alberto Cerda Contreras, trombonista com vasta experi\u00eancia em luthieria especializada em f\u00e1bricas de n\u00edvel mundial como a Yamaha do Chile e a Lechner da \u00c1ustria. \u00c9 coordenador da Agrupaci\u00f3n Chilena de Luther\u00eda, vice-presidente da Corporaci\u00f3n de Fomento de Bandas Estudiantiles (Corfobae, Chile) e membro da Asociaci\u00f3n Colombiana de Luther\u00eda. Participou como orador em numerosos semin\u00e1rios nacionais e internacionais sobre servi\u00e7o t\u00e9cnico e manuten\u00e7\u00e3o de instrumentos de sopro, lutheria e gest\u00e3o de bandas em organiza\u00e7\u00f5es e empresas como a Associa\u00e7\u00e3o Brasileira de Luthiers, a Associa\u00e7\u00e3o Latino-Americana de Luthiers, Yamaha, entre outras, em muitos pa\u00edses como Col\u00f4mbia, Argentina, Venezuela e Brasil. Trabalhou como chefe de servi\u00e7o t\u00e9cnico de metais na Flute Service (Chile) e \u00e9 o criador da empresa JCBrass (servi\u00e7o t\u00e9cnico integral para instrumentos musicais). Finalmente, ele \u00e9 um t\u00e9cnico autorizado da Yamaha Music Latin America LTD.<\/p>\n<p>&nbsp;<\/p>\n<p>O workshop que ir\u00e1 ministrar aos seus colegas \u00e9 o resultado do trabalho de especializa\u00e7\u00e3o realizado em conjunto com o maestro colombiano Carlos Eduardo Aponte Ram\u00edrez no \u00e2mbito da \u00abAjuda \u00e0 especializa\u00e7\u00e3o aperfei\u00e7oamento t\u00e9cnico do sector musical &#8211; 2023\u00bb concedida pelo Programa Iberm\u00fasicas.<\/p>\n<p>&nbsp;<\/p>\n<ul>\n<li>6 e 7 de abril em Batuta Meta, Calle 46 #28-20, La Grama, Villavicencio, Chile.<\/li>\n<\/ul>\n","protected":false},"excerpt":{"rendered":"<p>Trata-se de um workshop destinado a estudantes e m\u00fasicos avan\u00e7ados para aprender a montar e desmontar o instrumento musical, limpar em profundidade todas as partes que o comp\u00f5em, lubrificar e engraxar. &nbsp; Ser\u00e1 ministrado por Jorge Alberto Cerda Contreras, trombonista com vasta experi\u00eancia em luthieria especializada em f\u00e1bricas de n\u00edvel mundial como a Yamaha do [&hellip;]<\/p>\n","protected":false},"author":7,"featured_media":18232,"comment_status":"closed","ping_status":"closed","sticky":false,"template":"","format":"standard","meta":{"footnotes":""},"categories":[218],"tags":[],"class_list":["post-18234","post","type-post","status-publish","format-standard","has-post-thumbnail","hentry","category-noticias-generales-pt"],"lang":"pt","translations":{"pt":18234,"es":18231},"pll_sync_post":[],"post_mailing_queue_ids":[],"_links":{"self":[{"href":"http:\/\/staging.ibermusicas.org\/index.php\/wp-json\/wp\/v2\/posts\/18234","targetHints":{"allow":["GET"]}}],"collection":[{"href":"http:\/\/staging.ibermusicas.org\/index.php\/wp-json\/wp\/v2\/posts"}],"about":[{"href":"http:\/\/staging.ibermusicas.org\/index.php\/wp-json\/wp\/v2\/types\/post"}],"author":[{"embeddable":true,"href":"http:\/\/staging.ibermusicas.org\/index.php\/wp-json\/wp\/v2\/users\/7"}],"replies":[{"embeddable":true,"href":"http:\/\/staging.ibermusicas.org\/index.php\/wp-json\/wp\/v2\/comments?post=18234"}],"version-history":[{"count":1,"href":"http:\/\/staging.ibermusicas.org\/index.php\/wp-json\/wp\/v2\/posts\/18234\/revisions"}],"predecessor-version":[{"id":18235,"href":"http:\/\/staging.ibermusicas.org\/index.php\/wp-json\/wp\/v2\/posts\/18234\/revisions\/18235"}],"wp:featuredmedia":[{"embeddable":true,"href":"http:\/\/staging.ibermusicas.org\/index.php\/wp-json\/wp\/v2\/media\/18232"}],"wp:attachment":[{"href":"http:\/\/staging.ibermusicas.org\/index.php\/wp-json\/wp\/v2\/media?parent=18234"}],"wp:term":[{"taxonomy":"category","embeddable":true,"href":"http:\/\/staging.ibermusicas.org\/index.php\/wp-json\/wp\/v2\/categories?post=18234"},{"taxonomy":"post_tag","embeddable":true,"href":"http:\/\/staging.ibermusicas.org\/index.php\/wp-json\/wp\/v2\/tags?post=18234"}],"curies":[{"name":"wp","href":"https:\/\/api.w.org\/{rel}","templated":true}]}}