{"id":18236,"date":"2024-03-27T03:41:03","date_gmt":"2024-03-27T03:41:03","guid":{"rendered":"http:\/\/staging.ibermusicas.org\/?p=18236"},"modified":"2024-04-29T17:47:31","modified_gmt":"2024-04-29T17:47:31","slug":"el-gran-arpista-paraguayo-juanjo-corbalan-realizara-un-tour-europeo-junto-a-su-cuarteto","status":"publish","type":"post","link":"http:\/\/staging.ibermusicas.org\/index.php\/el-gran-arpista-paraguayo-juanjo-corbalan-realizara-un-tour-europeo-junto-a-su-cuarteto\/","title":{"rendered":"El gran arpista paraguayo Juanjo Corbal\u00e1n realizar\u00e1 un Tour Europeo junto a su Cuarteto"},"content":{"rendered":"<p>El arpista y compositor paraguayo Juanjo Corbal\u00e1n estar\u00e1 realizando una gira por diversos pa\u00edses de Europa junto a su cuarteto integrado por Lara Barreto en saxo alto y saxo soprano, Sebasti\u00e1n Ram\u00edrez en bater\u00eda y percusi\u00f3n y V\u00edctor \u00c1lvarez en piano.<\/p>\n<p>&nbsp;<\/p>\n<p>El arpa est\u00e1 en el centro de la m\u00fasica del Paraguay y Juanjo Corbal\u00e1n ha planteado explorar los l\u00edmites de este centro. Juanjo Corbal\u00e1n es un arpista y compositor paraguayo que re\u00fane y rescata sonoridades de la m\u00fasica popular de su tierra combin\u00e1ndola con elementos de otras m\u00fasicas de Latinoam\u00e9rica junto con influencias jazz\u00edsticas, incorporando as\u00ed al arpa dentro de un lenguaje musical m\u00e1s libre con m\u00fasica instrumental, composiciones propias e improvisaciones.<\/p>\n<p>&nbsp;<\/p>\n<p>Corbal\u00e1n ha recibido importantes premios en su pa\u00eds y se ha presentado en giras por Sudam\u00e9rica y Europa.<\/p>\n<p>&nbsp;<\/p>\n<ul>\n<li>13 de abril: Darmstadt Jazz Club, Darmstadt, Alemania<\/li>\n<li>16 de abril: Ibero-Amerikanisches Institut, Berl\u00edn, Alemania<\/li>\n<li>18 de abril: Netzwerk Seilerei, Frankfurt, Alemania<\/li>\n<li>19 de abril: Teatro Munganga, Amsterdam, Pa\u00edses Bajos<\/li>\n<li>20 de abril: Dutch Harp Festival, Utrecht, Pa\u00edses Bajos<\/li>\n<li>23 de abril: La Marbrerie, Montreuil, Francia<\/li>\n<li>26 de abril: 38 Riv Jazz Club, Par\u00eds, Francia<\/li>\n<\/ul>\n","protected":false},"excerpt":{"rendered":"<p>El arpista y compositor paraguayo Juanjo Corbal\u00e1n estar\u00e1 realizando una gira por diversos pa\u00edses de Europa junto a su cuarteto integrado por Lara Barreto en saxo alto y saxo soprano, Sebasti\u00e1n Ram\u00edrez en bater\u00eda y percusi\u00f3n y V\u00edctor \u00c1lvarez en piano. &nbsp; El arpa est\u00e1 en el centro de la m\u00fasica del Paraguay y Juanjo [&hellip;]<\/p>\n","protected":false},"author":7,"featured_media":18237,"comment_status":"closed","ping_status":"closed","sticky":false,"template":"","format":"standard","meta":{"footnotes":""},"categories":[53],"tags":[],"class_list":["post-18236","post","type-post","status-publish","format-standard","has-post-thumbnail","hentry","category-noticias-generales"],"lang":"es","translations":{"es":18236,"pt":18239},"pll_sync_post":[],"post_mailing_queue_ids":[],"_links":{"self":[{"href":"http:\/\/staging.ibermusicas.org\/index.php\/wp-json\/wp\/v2\/posts\/18236","targetHints":{"allow":["GET"]}}],"collection":[{"href":"http:\/\/staging.ibermusicas.org\/index.php\/wp-json\/wp\/v2\/posts"}],"about":[{"href":"http:\/\/staging.ibermusicas.org\/index.php\/wp-json\/wp\/v2\/types\/post"}],"author":[{"embeddable":true,"href":"http:\/\/staging.ibermusicas.org\/index.php\/wp-json\/wp\/v2\/users\/7"}],"replies":[{"embeddable":true,"href":"http:\/\/staging.ibermusicas.org\/index.php\/wp-json\/wp\/v2\/comments?post=18236"}],"version-history":[{"count":1,"href":"http:\/\/staging.ibermusicas.org\/index.php\/wp-json\/wp\/v2\/posts\/18236\/revisions"}],"predecessor-version":[{"id":18238,"href":"http:\/\/staging.ibermusicas.org\/index.php\/wp-json\/wp\/v2\/posts\/18236\/revisions\/18238"}],"wp:featuredmedia":[{"embeddable":true,"href":"http:\/\/staging.ibermusicas.org\/index.php\/wp-json\/wp\/v2\/media\/18237"}],"wp:attachment":[{"href":"http:\/\/staging.ibermusicas.org\/index.php\/wp-json\/wp\/v2\/media?parent=18236"}],"wp:term":[{"taxonomy":"category","embeddable":true,"href":"http:\/\/staging.ibermusicas.org\/index.php\/wp-json\/wp\/v2\/categories?post=18236"},{"taxonomy":"post_tag","embeddable":true,"href":"http:\/\/staging.ibermusicas.org\/index.php\/wp-json\/wp\/v2\/tags?post=18236"}],"curies":[{"name":"wp","href":"https:\/\/api.w.org\/{rel}","templated":true}]}}