{"id":18239,"date":"2024-03-27T03:42:27","date_gmt":"2024-03-27T03:42:27","guid":{"rendered":"http:\/\/staging.ibermusicas.org\/?p=18239"},"modified":"2024-04-29T17:33:49","modified_gmt":"2024-04-29T17:33:49","slug":"o-grande-harpista-paraguaio-juanjo-corbalan-fara-uma-digressao-europeia-com-o-seu-quarteto","status":"publish","type":"post","link":"http:\/\/staging.ibermusicas.org\/index.php\/o-grande-harpista-paraguaio-juanjo-corbalan-fara-uma-digressao-europeia-com-o-seu-quarteto\/","title":{"rendered":"O grande harpista paraguaio Juanjo Corbal\u00e1n far\u00e1 uma digress\u00e3o europeia com o seu Quarteto"},"content":{"rendered":"<p>O harpista e compositor paraguaio Juanjo Corbal\u00e1n far\u00e1 uma digress\u00e3o por v\u00e1rios pa\u00edses europeus com o seu quarteto formado por Lara Barreto no saxofone alto e soprano, Sebasti\u00e1n Ram\u00edrez na bateria e percuss\u00e3o e V\u00edctor \u00c1lvarez no piano.<\/p>\n<p><strong>\u00a0<\/strong><\/p>\n<p>A harpa est\u00e1 no centro da m\u00fasica do Paraguai e Juanjo Corbal\u00e1n prop\u00f4s-se a explorar os limites deste centro. Juanjo Corbal\u00e1n \u00e9 um harpista e compositor paraguaio que re\u00fane e resgata sons da m\u00fasica popular da sua terra natal, combinando-os com elementos de outras m\u00fasicas latino-americanas e influ\u00eancias do jazz, incorporando assim a harpa numa linguagem musical mais livre com m\u00fasica instrumental, composi\u00e7\u00f5es pr\u00f3prias e improvisa\u00e7\u00f5es.<\/p>\n<p>&nbsp;<\/p>\n<p>Corbal\u00e1n recebeu importantes pr\u00e9mios no seu pa\u00eds e fez digress\u00f5es pela Am\u00e9rica do Sul e Europa.<\/p>\n<p>&nbsp;<\/p>\n<ul>\n<li>13 de abril: Darmstadt Jazz Club, Darmstadt, Alemanha<\/li>\n<li>16 de abril: Ibero-Amerikanisches Institut, Berlim, Alemanha<\/li>\n<li>18 de abril: Netzwerk Seilerei, Frankfurt, Alemanha<\/li>\n<li>19 de abril: Munganga Theatre, Amesterd\u00e3o, Pa\u00edses Baixos<\/li>\n<li>20 de abril: Dutch Harp Festival, Utrecht, Pa\u00edses Baixos<\/li>\n<li>23 de abril: La Marbrerie, Montreuil, Fran\u00e7a<\/li>\n<li>26 de abril: 38 Riv Jazz Club, Paris, Fran\u00e7a<\/li>\n<\/ul>\n","protected":false},"excerpt":{"rendered":"<p>O harpista e compositor paraguaio Juanjo Corbal\u00e1n far\u00e1 uma digress\u00e3o por v\u00e1rios pa\u00edses europeus com o seu quarteto formado por Lara Barreto no saxofone alto e soprano, Sebasti\u00e1n Ram\u00edrez na bateria e percuss\u00e3o e V\u00edctor \u00c1lvarez no piano. \u00a0 A harpa est\u00e1 no centro da m\u00fasica do Paraguai e Juanjo Corbal\u00e1n prop\u00f4s-se a explorar os [&hellip;]<\/p>\n","protected":false},"author":7,"featured_media":18237,"comment_status":"closed","ping_status":"closed","sticky":false,"template":"","format":"standard","meta":{"footnotes":""},"categories":[218],"tags":[],"class_list":["post-18239","post","type-post","status-publish","format-standard","has-post-thumbnail","hentry","category-noticias-generales-pt"],"lang":"pt","translations":{"pt":18239,"es":18236},"pll_sync_post":[],"post_mailing_queue_ids":[],"_links":{"self":[{"href":"http:\/\/staging.ibermusicas.org\/index.php\/wp-json\/wp\/v2\/posts\/18239","targetHints":{"allow":["GET"]}}],"collection":[{"href":"http:\/\/staging.ibermusicas.org\/index.php\/wp-json\/wp\/v2\/posts"}],"about":[{"href":"http:\/\/staging.ibermusicas.org\/index.php\/wp-json\/wp\/v2\/types\/post"}],"author":[{"embeddable":true,"href":"http:\/\/staging.ibermusicas.org\/index.php\/wp-json\/wp\/v2\/users\/7"}],"replies":[{"embeddable":true,"href":"http:\/\/staging.ibermusicas.org\/index.php\/wp-json\/wp\/v2\/comments?post=18239"}],"version-history":[{"count":1,"href":"http:\/\/staging.ibermusicas.org\/index.php\/wp-json\/wp\/v2\/posts\/18239\/revisions"}],"predecessor-version":[{"id":18240,"href":"http:\/\/staging.ibermusicas.org\/index.php\/wp-json\/wp\/v2\/posts\/18239\/revisions\/18240"}],"wp:featuredmedia":[{"embeddable":true,"href":"http:\/\/staging.ibermusicas.org\/index.php\/wp-json\/wp\/v2\/media\/18237"}],"wp:attachment":[{"href":"http:\/\/staging.ibermusicas.org\/index.php\/wp-json\/wp\/v2\/media?parent=18239"}],"wp:term":[{"taxonomy":"category","embeddable":true,"href":"http:\/\/staging.ibermusicas.org\/index.php\/wp-json\/wp\/v2\/categories?post=18239"},{"taxonomy":"post_tag","embeddable":true,"href":"http:\/\/staging.ibermusicas.org\/index.php\/wp-json\/wp\/v2\/tags?post=18239"}],"curies":[{"name":"wp","href":"https:\/\/api.w.org\/{rel}","templated":true}]}}