{"id":18241,"date":"2024-03-27T03:47:06","date_gmt":"2024-03-27T03:47:06","guid":{"rendered":"http:\/\/staging.ibermusicas.org\/?p=18241"},"modified":"2024-04-29T17:47:24","modified_gmt":"2024-04-29T17:47:24","slug":"la-orquesta-andina-de-chile-junto-a-nadia-larcher-de-argentina-y-maria-mulata-de-colombia-se-presentan-en-el-micsur-chile","status":"publish","type":"post","link":"http:\/\/staging.ibermusicas.org\/index.php\/la-orquesta-andina-de-chile-junto-a-nadia-larcher-de-argentina-y-maria-mulata-de-colombia-se-presentan-en-el-micsur-chile\/","title":{"rendered":"La Orquesta Andina de Chile junto a Nadia Larcher de Argentina y Mar\u00eda Mulata de Colombia se presentan en el MICSUR &#8211; Chile"},"content":{"rendered":"<p>Con el \u00e1nimo de celebrar la Cooperaci\u00f3n Cultural Iberoamericana en el marco del Encuentro Internacional de las Econom\u00edas Creativas MICSUR 2024 a realizarse en la ciudad de Santiago de Chile entre el 17 al 20 de abril, Iberm\u00fasicas junto al Ministerio de las Artes, las Culturas y el Patrimonio de Chile dise\u00f1aron una convocatoria especial tendiente a potenciar el encuentro art\u00edstico entre artistas musicales de los nueve pa\u00edses que hacen parte de este encuentro: Argentina, Brasil, Bolivia, Chile, Colombia, Ecuador, Paraguay, Per\u00fa o Uruguay.<\/p>\n<p>&nbsp;<\/p>\n<p>Mediante esta convocatoria se invit\u00f3 a agrupaciones chilenas a presentar propuestas que contar\u00e1n con la colaboraci\u00f3n de artistas de al menos dos de los pa\u00edses participantes del MICSUR para la realizaci\u00f3n de intervenciones musicales a lo largo de las jornadas de dicho evento y en un concierto en el cierre.<\/p>\n<p>&nbsp;<\/p>\n<p>La propuesta seleccionada y premiada\u00a0 fue AM\u00c9RICA MORENA: un encuentro musical multicultural que transitar\u00e1 entre la herencia sonora de Los Andes y Afroam\u00e9rica. El Programa en conjunto con Mar\u00eda Mulata (Colombia) y Nadia Larcher (Argentina) contempla obras de estas dos destacadas m\u00fasicas de Latinoam\u00e9rica acompa\u00f1adas de la Orquesta Andina (Premio Pulsar 2017) con arreglos orquestales de F\u00e9lix C\u00e1rdenas (Premio Pulsar 2015).<\/p>\n<p>&nbsp;<\/p>\n<p>Nadia Larcher, cantora, ta\u00f1edora de tinya, investigadora de las m\u00fasicas m\u00e1s antiguas de su norte argentino, guitarrera y compositora, desde los diez a\u00f1os recorre pueblos cantando y aprendiendo a cantar.<\/p>\n<p>&nbsp;<\/p>\n<p>Mar\u00eda Mulata, cantautora e investigadora de la m\u00fasica colombiana afrodescendiente, nominada a los Grammy Latinos en 2013, 2018 y 2023, como tambi\u00e9n ganadora del Festival de Vi\u00f1a del Mar, en el a\u00f1o 2007 en la competencia folcl\u00f3rica.<\/p>\n<p>&nbsp;<\/p>\n<p>Todos juntos dar\u00e1n vida a un montaje que rememorar\u00e1 el canto femenino y sonidos de Los Andes en un di\u00e1logo fraterno con la m\u00fasica afrodescendiente de Colombia.<\/p>\n<p>&nbsp;<\/p>\n<ul>\n<li>Del 17 al 20 de abril en Santiago de Chile<\/li>\n<\/ul>\n","protected":false},"excerpt":{"rendered":"<p>Con el \u00e1nimo de celebrar la Cooperaci\u00f3n Cultural Iberoamericana en el marco del Encuentro Internacional de las Econom\u00edas Creativas MICSUR 2024 a realizarse en la ciudad de Santiago de Chile entre el 17 al 20 de abril, Iberm\u00fasicas junto al Ministerio de las Artes, las Culturas y el Patrimonio de Chile dise\u00f1aron una convocatoria especial [&hellip;]<\/p>\n","protected":false},"author":7,"featured_media":18242,"comment_status":"closed","ping_status":"closed","sticky":false,"template":"","format":"standard","meta":{"footnotes":""},"categories":[53],"tags":[],"class_list":["post-18241","post","type-post","status-publish","format-standard","has-post-thumbnail","hentry","category-noticias-generales"],"lang":"es","translations":{"es":18241,"pt":18244},"pll_sync_post":[],"post_mailing_queue_ids":[],"_links":{"self":[{"href":"http:\/\/staging.ibermusicas.org\/index.php\/wp-json\/wp\/v2\/posts\/18241","targetHints":{"allow":["GET"]}}],"collection":[{"href":"http:\/\/staging.ibermusicas.org\/index.php\/wp-json\/wp\/v2\/posts"}],"about":[{"href":"http:\/\/staging.ibermusicas.org\/index.php\/wp-json\/wp\/v2\/types\/post"}],"author":[{"embeddable":true,"href":"http:\/\/staging.ibermusicas.org\/index.php\/wp-json\/wp\/v2\/users\/7"}],"replies":[{"embeddable":true,"href":"http:\/\/staging.ibermusicas.org\/index.php\/wp-json\/wp\/v2\/comments?post=18241"}],"version-history":[{"count":1,"href":"http:\/\/staging.ibermusicas.org\/index.php\/wp-json\/wp\/v2\/posts\/18241\/revisions"}],"predecessor-version":[{"id":18243,"href":"http:\/\/staging.ibermusicas.org\/index.php\/wp-json\/wp\/v2\/posts\/18241\/revisions\/18243"}],"wp:featuredmedia":[{"embeddable":true,"href":"http:\/\/staging.ibermusicas.org\/index.php\/wp-json\/wp\/v2\/media\/18242"}],"wp:attachment":[{"href":"http:\/\/staging.ibermusicas.org\/index.php\/wp-json\/wp\/v2\/media?parent=18241"}],"wp:term":[{"taxonomy":"category","embeddable":true,"href":"http:\/\/staging.ibermusicas.org\/index.php\/wp-json\/wp\/v2\/categories?post=18241"},{"taxonomy":"post_tag","embeddable":true,"href":"http:\/\/staging.ibermusicas.org\/index.php\/wp-json\/wp\/v2\/tags?post=18241"}],"curies":[{"name":"wp","href":"https:\/\/api.w.org\/{rel}","templated":true}]}}