{"id":18249,"date":"2024-03-27T03:52:14","date_gmt":"2024-03-27T03:52:14","guid":{"rendered":"http:\/\/staging.ibermusicas.org\/?p=18249"},"modified":"2024-04-29T17:33:37","modified_gmt":"2024-04-29T17:33:37","slug":"a-orquestra-sinfonica-nacional-da-colombia-estreia-fantasia-tanguera-vencedora-do-premio-ibermusicas-homenagem-aos-100-anos-de-la-cumparsita","status":"publish","type":"post","link":"http:\/\/staging.ibermusicas.org\/index.php\/a-orquestra-sinfonica-nacional-da-colombia-estreia-fantasia-tanguera-vencedora-do-premio-ibermusicas-homenagem-aos-100-anos-de-la-cumparsita\/","title":{"rendered":"A Orquesta Sinf\u00f3nica Nacional de Colombia estreia \u00abFantas\u00eda Sinf\u00f3nica: La historia del Tango\u00bb, de Lucas Querini, vencedora do Pr\u00eamio Iberm\u00fasicas \u00abHomenaje a los cien a\u00f1os de La Cumparsita\u00bb"},"content":{"rendered":"<p>\u00abFantas\u00eda Sinf\u00f3nica: La historia del Tango\u00bb, de Lucas Querini, foi a obra vencedora do \u00abHomenagem ao 100\u00ba anivers\u00e1rio do Pr\u00eamio La Cumparsita\u00bb. Esse pr\u00eamio surgiu de um projeto especial de concurso proposto pelo Uruguai por meio da CIATyC (Comisi\u00f3n Interministerial de Apoyo al Tango y al Candombe en Uruguay) dos Minist\u00e9rios da Educa\u00e7\u00e3o e Cultura, Rela\u00e7\u00f5es Exteriores e Turismo daquele pa\u00eds, juntamente com o Programa Iberm\u00fasicas.<\/p>\n<p>&nbsp;<\/p>\n<p>Em duas apresenta\u00e7\u00f5es especiais, a Orquesta Sinf\u00f3nica Nacional de Colombia, sob a batuta do grande maestro colombiano Juan Pablo Valencia e com a participa\u00e7\u00e3o solista do bandoneonista colombiano Giovanni Parra, realizar\u00e1 a estreia da obra em dois concertos no dia 18 de abril no Teatro Le\u00f3n De Greiff e no dia 19 de abril no Auditorio Fabio Lozano em Bogot\u00e1, Col\u00f4mbia.<\/p>\n<p>&nbsp;<\/p>\n<p><em>\u00abFantas\u00eda Sinf\u00f3nica: La Historia del Tango \u00e9 uma obra inspirada no vasto universo sonoro oferecido pela nossa m\u00fasica tradicional.<\/em>\u00a0<em>Em um contexto sinf\u00f4nico que inclui o bandone\u00f3n como representante desse patrim\u00f4nio cultural, a m\u00fasica al\u00e7a voo evocando os gestos t\u00edpicos, as paisagens, os personagens, os int\u00e9rpretes, os compositores e os poetas que alimentaram essa express\u00e3o art\u00edstica ao longo dos anos.<\/em>\u00a0<em>Entusiasmado e grato a essas obras e pessoas que contribu\u00edram com seu talento para a cria\u00e7\u00e3o de uma m\u00fasica t\u00e3o profunda quanto t\u00edpica de nosso territ\u00f3rio, escrevi esta pe\u00e7a que n\u00e3o pretende fazer mais do que participar respeitosamente de nossa valiosa tradi\u00e7\u00e3o\u00bb.<\/em><\/p>\n<p>&nbsp;<\/p>\n<p>Lucas Querini \u00e9 um pianista e compositor argentino. Desenvolve um intenso trabalho musical como artista e professor, com um interesse especial em vincular a tradi\u00e7\u00e3o acad\u00eamica \u00e0 m\u00fasica popular. Formou-se em piano e composi\u00e7\u00e3o na U.N.R. com professores como Jorge Molina, Dante Grela e Licia Parodi; e em aulas particulares com artistas como Gabriel Senanes, Guillermo Klein, Andr\u00e9 Marques, Fabio Torres, Nicol\u00e1s Ledesma, Juli\u00e1n Peralta, Pablo Fraguela, Lilian Saba, entre muitos outros. Desenvolveu uma ampla atividade art\u00edstica apresentando-se nos principais palcos de seu pa\u00eds e realizou cinco turn\u00eas internacionais oferecendo concertos na Alemanha, Fran\u00e7a, B\u00e9lgica, Holanda, Su\u00ed\u00e7a, Dinamarca e Espanha. Premiado em concursos nacionais e internacionais como compositor e arranjador, estreou m\u00fasicas com a O.S.P. de Rosario, O.S.P. de Santa Fe, Orq. de C\u00e1mara Municipal de Rosario, O.S.J. Kayen de Tierra del Fuego e um grande n\u00famero de conjuntos e grupos no pa\u00eds e no exterior.<\/p>\n<ul>\n<li>Quinta-feira, 18 de abril, Audit\u00f3rio Le\u00f3n de Greiff da Universidade Nacional, Bogot\u00e1, Col\u00f4mbia<\/li>\n<li>Sexta-feira, 19 de abril, Audit\u00f3rio Fabio Lozano, Bogot\u00e1, Col\u00f4mbia<\/li>\n<\/ul>\n","protected":false},"excerpt":{"rendered":"<p>\u00abFantas\u00eda Sinf\u00f3nica: La historia del Tango\u00bb, de Lucas Querini, foi a obra vencedora do \u00abHomenagem ao 100\u00ba anivers\u00e1rio do Pr\u00eamio La Cumparsita\u00bb. Esse pr\u00eamio surgiu de um projeto especial de concurso proposto pelo Uruguai por meio da CIATyC (Comisi\u00f3n Interministerial de Apoyo al Tango y al Candombe en Uruguay) dos Minist\u00e9rios da Educa\u00e7\u00e3o e Cultura, [&hellip;]<\/p>\n","protected":false},"author":7,"featured_media":18303,"comment_status":"closed","ping_status":"closed","sticky":false,"template":"","format":"standard","meta":{"footnotes":""},"categories":[218],"tags":[],"class_list":["post-18249","post","type-post","status-publish","format-standard","has-post-thumbnail","hentry","category-noticias-generales-pt"],"lang":"pt","translations":{"pt":18249,"es":18246},"pll_sync_post":[],"post_mailing_queue_ids":[],"_links":{"self":[{"href":"http:\/\/staging.ibermusicas.org\/index.php\/wp-json\/wp\/v2\/posts\/18249","targetHints":{"allow":["GET"]}}],"collection":[{"href":"http:\/\/staging.ibermusicas.org\/index.php\/wp-json\/wp\/v2\/posts"}],"about":[{"href":"http:\/\/staging.ibermusicas.org\/index.php\/wp-json\/wp\/v2\/types\/post"}],"author":[{"embeddable":true,"href":"http:\/\/staging.ibermusicas.org\/index.php\/wp-json\/wp\/v2\/users\/7"}],"replies":[{"embeddable":true,"href":"http:\/\/staging.ibermusicas.org\/index.php\/wp-json\/wp\/v2\/comments?post=18249"}],"version-history":[{"count":4,"href":"http:\/\/staging.ibermusicas.org\/index.php\/wp-json\/wp\/v2\/posts\/18249\/revisions"}],"predecessor-version":[{"id":18308,"href":"http:\/\/staging.ibermusicas.org\/index.php\/wp-json\/wp\/v2\/posts\/18249\/revisions\/18308"}],"wp:featuredmedia":[{"embeddable":true,"href":"http:\/\/staging.ibermusicas.org\/index.php\/wp-json\/wp\/v2\/media\/18303"}],"wp:attachment":[{"href":"http:\/\/staging.ibermusicas.org\/index.php\/wp-json\/wp\/v2\/media?parent=18249"}],"wp:term":[{"taxonomy":"category","embeddable":true,"href":"http:\/\/staging.ibermusicas.org\/index.php\/wp-json\/wp\/v2\/categories?post=18249"},{"taxonomy":"post_tag","embeddable":true,"href":"http:\/\/staging.ibermusicas.org\/index.php\/wp-json\/wp\/v2\/tags?post=18249"}],"curies":[{"name":"wp","href":"https:\/\/api.w.org\/{rel}","templated":true}]}}