{"id":18251,"date":"2024-03-27T03:53:50","date_gmt":"2024-03-27T03:53:50","guid":{"rendered":"http:\/\/staging.ibermusicas.org\/?p=18251"},"modified":"2024-04-29T17:47:12","modified_gmt":"2024-04-29T17:47:12","slug":"la-etnomusicologa-y-flautista-colombiana-paloma-palau-valderrama-inicia-su-investigacion-en-torno-a-los-matices-del-choro-en-porto-alegre","status":"publish","type":"post","link":"http:\/\/staging.ibermusicas.org\/index.php\/la-etnomusicologa-y-flautista-colombiana-paloma-palau-valderrama-inicia-su-investigacion-en-torno-a-los-matices-del-choro-en-porto-alegre\/","title":{"rendered":"La etnomusic\u00f3loga y flautista colombiana Paloma Palau Valderrama inicia su investigaci\u00f3n en torno a \u201cLos matices del choro en Porto Alegre\u201d"},"content":{"rendered":"<p>El choro es un g\u00e9nero musical popular brasilero con casi dos siglos de historia, en permanente recreaci\u00f3n a lo largo y ancho del pa\u00eds y a nivel internacional mediante un conjunto variado de pr\u00e1cticas musicales y espacios de ense\u00f1anza y de divulgaci\u00f3n.<\/p>\n<p>&nbsp;<\/p>\n<p>En la ciudad de Porto Alegre, al sur de Brasil, existe una propuesta destinada a la educaci\u00f3n, interpretaci\u00f3n y composici\u00f3n musical del choro que cumple 20 a\u00f1os en 2023, la Oficina de Choro, coordinada por el m\u00fasico Mathias Pinto.<\/p>\n<p>&nbsp;<\/p>\n<p>Paloma Palau Valderrama es colombiana residente en Brasil donde realiz\u00f3 su formaci\u00f3n de Doctorado en Etnomusicolog\u00eda, y el inter\u00e9s por la m\u00fasica brasilera, la\u00a0 llev\u00f3 a participar activamente como flautista de la Oficina de Choro desde inicios de 2023. A partir de este contacto inicial, es que inicia una investigaci\u00f3n etnomusicol\u00f3gica sobre el choro en Porto Alegre cuyo resultado se plasmar\u00e1 en un cortometraje subtitulado. El objetivo principal de la investigaci\u00f3n es comprender los sentidos que algunos de los actores del mundo del choro en Porto Alegre le atribuyen a su pr\u00e1ctica. La investigaci\u00f3n exploratoria y el cortometraje pretenden abordar algunas particularidades propias de este g\u00e9nero tales como la \u201croda de choro\u201d, reuni\u00f3n colectiva de un grupo no estable; la improvisaci\u00f3n; los instrumentos propios del g\u00e9nero o adaptados al mismo como el pandeiro y la guitarra de siete cuerdas; entre otros aspectos.<\/p>\n<p>&nbsp;<\/p>\n<p>El principal interlocutor y co-participante ser\u00e1 Mathias Pinto, m\u00fasico coordinador de la Oficina de Choro, que va a explicar los valores que orientan este espacio, tales como aprendizaje colaborativo, la pluralidad de edades y de diferentes niveles de dominio del instrumento (de estudiantes y aficionados a m\u00fasicos profesionales), as\u00ed como la composici\u00f3n colectiva, que es tocada por los participantes, hombres y mujeres, de diferentes identidades \u00e9tnico-raciales.<\/p>\n<p>&nbsp;<\/p>\n<p>Investigar sobre el choro en Porto Alegre, no s\u00f3lo va a contribuir en el mapeamento de algunos de los artistas, espacios y medios que crean y fomentan tal musicalidad en la ciudad y de esa manera contribuir a la visibilizaci\u00f3n de la escena musical y de sus artistas, sino que tambi\u00e9n va a permitir difundir a nivel nacional e internacional las pr\u00e1cticas locales de un g\u00e9nero centenario que acaba de ser declarado Patrimonio Cultural Inmaterial de Brasil por el Instituto do Patrim\u00f4nio Hist\u00f3rico e Art\u00edstico Nacional.<\/p>\n<p>&nbsp;<\/p>\n<p>Paloma Palau Valderrama es Doctora en Etnomusicolog\u00eda y Musicolog\u00eda de la Universidade Federal do Rio Grande do Sul (Brasil) Maestra en Sociolog\u00eda de la Universidade Federal do Paran\u00e1 (Brasil), subvencionada por las becas CAPES y CNP y Maestra en M\u00fasica de la Universidad del Valle (Colombia). Fue docente e investigadora de la Universidad del Valle (2010-2013) y del Instituto Popular de Cultura (2008-2013). Ha investigado sobre epistemolog\u00edas y ontolog\u00edas sonoras y musicales, archivo sonoro, patrimonio cultural, territorialidades, y campo musical.<\/p>\n<p>&nbsp;<\/p>\n<p>Su tesis doctoral \u201c\u00a1Que sea para bien! Saberes musicales y alianzas s\u00f3nicas de la gente negra del Sur del Valle del R\u00edo Cauca, Colombia: una interpretaci\u00f3n desde las (etno)musicolog\u00edas\u201d (2020) es una etnograf\u00eda sobre las formas de agencia, actores y performance de los saberes musicales afrocolombianos del sur del Valle del R\u00edo Cauca, Colombia.<\/p>\n<p>&nbsp;<\/p>\n<p>Tiene una amplia trayectoria como flautista en repertorios acad\u00e9micos y populares. Actualmente, es investigadora asociada al Grupo de Estudos Musicais de la Universidade Federal do Rio Grande do Sul (2016-2023), docente de la Licenciatura en M\u00fasica del Centro Universitario Metodista (2021-2023), y desde 2023, docente de flauta dulce en el proyecto social Clave de Sol en la ciudad de Canoas, docente de flauta traversa en la Escuela de la Banda Marcial Juliana y flautista en la Oficina de Choro de Porto Alegre (Brasil).<\/p>\n<p>&nbsp;<\/p>\n<ul>\n<li>Desde el 18 de abril en Oficina de Choro, Porto Alegre,Brasil<\/li>\n<\/ul>\n","protected":false},"excerpt":{"rendered":"<p>El choro es un g\u00e9nero musical popular brasilero con casi dos siglos de historia, en permanente recreaci\u00f3n a lo largo y ancho del pa\u00eds y a nivel internacional mediante un conjunto variado de pr\u00e1cticas musicales y espacios de ense\u00f1anza y de divulgaci\u00f3n. &nbsp; En la ciudad de Porto Alegre, al sur de Brasil, existe una [&hellip;]<\/p>\n","protected":false},"author":7,"featured_media":18252,"comment_status":"closed","ping_status":"closed","sticky":false,"template":"","format":"standard","meta":{"footnotes":""},"categories":[53],"tags":[],"class_list":["post-18251","post","type-post","status-publish","format-standard","has-post-thumbnail","hentry","category-noticias-generales"],"lang":"es","translations":{"es":18251,"pt":18254},"pll_sync_post":[],"post_mailing_queue_ids":[],"_links":{"self":[{"href":"http:\/\/staging.ibermusicas.org\/index.php\/wp-json\/wp\/v2\/posts\/18251","targetHints":{"allow":["GET"]}}],"collection":[{"href":"http:\/\/staging.ibermusicas.org\/index.php\/wp-json\/wp\/v2\/posts"}],"about":[{"href":"http:\/\/staging.ibermusicas.org\/index.php\/wp-json\/wp\/v2\/types\/post"}],"author":[{"embeddable":true,"href":"http:\/\/staging.ibermusicas.org\/index.php\/wp-json\/wp\/v2\/users\/7"}],"replies":[{"embeddable":true,"href":"http:\/\/staging.ibermusicas.org\/index.php\/wp-json\/wp\/v2\/comments?post=18251"}],"version-history":[{"count":1,"href":"http:\/\/staging.ibermusicas.org\/index.php\/wp-json\/wp\/v2\/posts\/18251\/revisions"}],"predecessor-version":[{"id":18253,"href":"http:\/\/staging.ibermusicas.org\/index.php\/wp-json\/wp\/v2\/posts\/18251\/revisions\/18253"}],"wp:featuredmedia":[{"embeddable":true,"href":"http:\/\/staging.ibermusicas.org\/index.php\/wp-json\/wp\/v2\/media\/18252"}],"wp:attachment":[{"href":"http:\/\/staging.ibermusicas.org\/index.php\/wp-json\/wp\/v2\/media?parent=18251"}],"wp:term":[{"taxonomy":"category","embeddable":true,"href":"http:\/\/staging.ibermusicas.org\/index.php\/wp-json\/wp\/v2\/categories?post=18251"},{"taxonomy":"post_tag","embeddable":true,"href":"http:\/\/staging.ibermusicas.org\/index.php\/wp-json\/wp\/v2\/tags?post=18251"}],"curies":[{"name":"wp","href":"https:\/\/api.w.org\/{rel}","templated":true}]}}