{"id":18254,"date":"2024-03-27T03:55:05","date_gmt":"2024-03-27T03:55:05","guid":{"rendered":"http:\/\/staging.ibermusicas.org\/?p=18254"},"modified":"2024-04-29T17:33:28","modified_gmt":"2024-04-29T17:33:28","slug":"a-etnomusicologa-e-flautista-colombiana-paloma-palau-valderrama-inicia-sua-pesquisa-sobre-as-nuances-do-choro-em-porto-alegre","status":"publish","type":"post","link":"http:\/\/staging.ibermusicas.org\/index.php\/a-etnomusicologa-e-flautista-colombiana-paloma-palau-valderrama-inicia-sua-pesquisa-sobre-as-nuances-do-choro-em-porto-alegre\/","title":{"rendered":"A etnomusic\u00f3loga e flautista colombiana Paloma Palau Valderrama inicia sua pesquisa sobre \u00abAs nuances do choro em Porto Alegre\u00bb"},"content":{"rendered":"<p>O choro \u00e9 um g\u00eanero musical popular brasileiro com quase dois s\u00e9culos de hist\u00f3ria, em permanente recria\u00e7\u00e3o em todo o pa\u00eds e internacionalmente atrav\u00e9s de um conjunto variado de pr\u00e1ticas musicais e espa\u00e7os de ensino e divulga\u00e7\u00e3o.<\/p>\n<p>&nbsp;<\/p>\n<p>Na cidade de Porto Alegre, no sul do Brasil, existe uma proposta de ensino, performance e composi\u00e7\u00e3o musical do choro que completar\u00e1 20 anos em 2023, a Oficina de Choro, coordenada pelo m\u00fasico Mathias Pinto.<\/p>\n<p>&nbsp;<\/p>\n<p>Paloma Palau Valderrama \u00e9 colombiana residente no Brasil, onde concluiu seu doutorado em Etnomusicologia, e seu interesse pela m\u00fasica brasileira a levou a participar ativamente como flautista na Oficina de Choro desde o in\u00edcio de 2023. A partir desse contato inicial, ela iniciou uma pesquisa etnomusicol\u00f3gica sobre o choro em Porto Alegre, cujo resultado ser\u00e1 transformado em um curta-metragem legendado. O principal objetivo da pesquisa \u00e9 compreender os significados que alguns dos atores do mundo do choro em Porto Alegre atribuem \u00e0 sua pr\u00e1tica. A pesquisa explorat\u00f3ria e o curta-metragem pretendem abordar algumas particularidades do g\u00eanero, como a roda de choro, reuni\u00e3o coletiva de um grupo n\u00e3o est\u00e1vel; a improvisa\u00e7\u00e3o; os instrumentos utilizados no g\u00eanero ou adaptados a ele, como o pandeiro e o viol\u00e3o de sete cordas; entre outros aspectos.<\/p>\n<p>&nbsp;<\/p>\n<p>O principal interlocutor e coparticipante ser\u00e1 Mathias Pinto, m\u00fasico coordenador da Oficina de Choro, que explicar\u00e1 os valores que norteiam esse espa\u00e7o, como a aprendizagem colaborativa, a pluralidade de idades e os diferentes n\u00edveis de dom\u00ednio do instrumento (de estudantes e amadores a m\u00fasicos profissionais), bem como a composi\u00e7\u00e3o coletiva, que \u00e9 tocada pelos participantes, homens e mulheres, de diferentes identidades \u00e9tnico-raciais.<\/p>\n<p>&nbsp;<\/p>\n<p>A pesquisa sobre o choro em Porto Alegre n\u00e3o s\u00f3 contribuir\u00e1 para o mapeamento de alguns dos artistas, espa\u00e7os e m\u00eddias que criam e promovem essa musicalidade na cidade e, assim, contribuir\u00e1 para a visibilidade da cena musical e de seus artistas, como tamb\u00e9m permitir\u00e1 divulgar nacional e internacionalmente as pr\u00e1ticas locais de um g\u00eanero secular que acaba de ser declarado Patrim\u00f4nio Cultural Imaterial do Brasil pelo Instituto do Patrim\u00f4nio Hist\u00f3rico e Art\u00edstico Nacional.<\/p>\n<p>&nbsp;<\/p>\n<p>Paloma Palau Valderrama \u00e9 doutorada em Etnomusicologia e Musicologia pela Universidade Federal do Rio Grande do Sul (Brasil), mestre em Sociologia pela Universidade Federal do Paran\u00e1 (Brasil), financiada com bolsas CAPES e CNP, e mestre em M\u00fasica pela Universidad del Valle (Col\u00f4mbia). Foi professora e investigadora na Universidad del Valle (2010-2013) e no Instituto Popular de Cultura (2008-2013). Tem investigado sobre epistemologias e ontologias do som e da m\u00fasica, arquivos sonoros, patrim\u00f3nio cultural, territorialidades e campo musical.<\/p>\n<p>&nbsp;<\/p>\n<p>A sua tese de doutoramento \u00ab\u00a1Que sea para bien! Saberes musicais e alian\u00e7as s\u00f3nicas dos povos negros do sul do vale do rio Cauca, Col\u00f4mbia: uma interpreta\u00e7\u00e3o a partir das (etno)musicologias\u00bb (2020) \u00e9 uma etnografia sobre as formas de ag\u00eancia, actores e performance dos saberes musicais afro-colombianos do sul do vale do rio Cauca, Col\u00f4mbia.<\/p>\n<p>&nbsp;<\/p>\n<p>Possui uma extensa carreira como flautista em repert\u00f3rios acad\u00eamicos e populares. Atualmente \u00e9 pesquisadora associada ao Grupo de Estudos Musicais da Universidade Federal do Rio Grande do Sul (2016-2023), professora do curso de Licenciatura em M\u00fasica do Centro Universit\u00e1rio Metodista (2021-2023), e a partir de 2023, professora de flauta doce no projeto social Clave de Sol na cidade de Canoas, professora de flauta transversal na Escuela de la Banda Marcial Juliana e flautista na Oficina de Choro de Porto Alegre (Brasil).<\/p>\n<p>&nbsp;<\/p>\n<ul>\n<li>A partir de 18 de abril na Oficina de Choro, Porto Alegre, Brasil.<\/li>\n<\/ul>\n","protected":false},"excerpt":{"rendered":"<p>O choro \u00e9 um g\u00eanero musical popular brasileiro com quase dois s\u00e9culos de hist\u00f3ria, em permanente recria\u00e7\u00e3o em todo o pa\u00eds e internacionalmente atrav\u00e9s de um conjunto variado de pr\u00e1ticas musicais e espa\u00e7os de ensino e divulga\u00e7\u00e3o. &nbsp; Na cidade de Porto Alegre, no sul do Brasil, existe uma proposta de ensino, performance e composi\u00e7\u00e3o [&hellip;]<\/p>\n","protected":false},"author":7,"featured_media":18252,"comment_status":"closed","ping_status":"closed","sticky":false,"template":"","format":"standard","meta":{"footnotes":""},"categories":[218],"tags":[],"class_list":["post-18254","post","type-post","status-publish","format-standard","has-post-thumbnail","hentry","category-noticias-generales-pt"],"lang":"pt","translations":{"pt":18254,"es":18251},"pll_sync_post":[],"post_mailing_queue_ids":[],"_links":{"self":[{"href":"http:\/\/staging.ibermusicas.org\/index.php\/wp-json\/wp\/v2\/posts\/18254","targetHints":{"allow":["GET"]}}],"collection":[{"href":"http:\/\/staging.ibermusicas.org\/index.php\/wp-json\/wp\/v2\/posts"}],"about":[{"href":"http:\/\/staging.ibermusicas.org\/index.php\/wp-json\/wp\/v2\/types\/post"}],"author":[{"embeddable":true,"href":"http:\/\/staging.ibermusicas.org\/index.php\/wp-json\/wp\/v2\/users\/7"}],"replies":[{"embeddable":true,"href":"http:\/\/staging.ibermusicas.org\/index.php\/wp-json\/wp\/v2\/comments?post=18254"}],"version-history":[{"count":1,"href":"http:\/\/staging.ibermusicas.org\/index.php\/wp-json\/wp\/v2\/posts\/18254\/revisions"}],"predecessor-version":[{"id":18255,"href":"http:\/\/staging.ibermusicas.org\/index.php\/wp-json\/wp\/v2\/posts\/18254\/revisions\/18255"}],"wp:featuredmedia":[{"embeddable":true,"href":"http:\/\/staging.ibermusicas.org\/index.php\/wp-json\/wp\/v2\/media\/18252"}],"wp:attachment":[{"href":"http:\/\/staging.ibermusicas.org\/index.php\/wp-json\/wp\/v2\/media?parent=18254"}],"wp:term":[{"taxonomy":"category","embeddable":true,"href":"http:\/\/staging.ibermusicas.org\/index.php\/wp-json\/wp\/v2\/categories?post=18254"},{"taxonomy":"post_tag","embeddable":true,"href":"http:\/\/staging.ibermusicas.org\/index.php\/wp-json\/wp\/v2\/tags?post=18254"}],"curies":[{"name":"wp","href":"https:\/\/api.w.org\/{rel}","templated":true}]}}