{"id":18256,"date":"2024-03-27T03:57:07","date_gmt":"2024-03-27T03:57:07","guid":{"rendered":"http:\/\/staging.ibermusicas.org\/?p=18256"},"modified":"2024-04-29T17:47:03","modified_gmt":"2024-04-29T17:47:03","slug":"el-compositor-brasileno-aurelio-edler-copes-inicia-su-residencia-en-el-cmmas","status":"publish","type":"post","link":"http:\/\/staging.ibermusicas.org\/index.php\/el-compositor-brasileno-aurelio-edler-copes-inicia-su-residencia-en-el-cmmas\/","title":{"rendered":"El compositor brasile\u00f1o Aur\u00e9lio Edler-Copes inicia su residencia en el CMMAS"},"content":{"rendered":"<p>El compositor y guitarrista brasile\u00f1o radicado en Par\u00eds, Aur\u00e9lio Edler-Copes inicia su residencia en el CMMAS (Centro Mexicano para la M\u00fasica y las Artes Sonoras) durante el mes de abril.\u00a0 Edler-Copes es un creador de m\u00faltiples influencias, que comenz\u00f3 con la guitarra el\u00e9ctrica\u200b y luego la cl\u00e1sica, pasando en su juventud \u200bpor varios estilos hasta encontrar en la m\u00fasica contempor\u00e1nea su verdadero campo de expresi\u00f3n.<\/p>\n<p>&nbsp;<\/p>\n<p>La obra de Aur\u00e9lio Edler-Copes es conocida por su intensidad, dinamismo y fuerza dram\u00e1tica. Su investigaci\u00f3n art\u00edstica le ha llevado a electrificar instrumentos ac\u00fasticos y a fusionarlos con instrumentos el\u00e9ctricos en dispositivos \u00fanicos, que integran lo anal\u00f3gico y lo digital en tiempo real, as\u00ed como sistemas interactivos de v\u00eddeo y luz.<\/p>\n<p>&nbsp;<\/p>\n<p>Creador de intensa actividad, ha recibido encargos de la Bienal de Venecia, IRCAM, Cit\u00e9 de la Musique de Paris, Philharmonie du Luxembourg, Wigmore Hall, OSESP, BBVA, Gobierno Franc\u00e9s, Gobierno Vasco y colabora regularmente con prestigiosos solistas y ensembles (Ensemble Intercontemporain, Klangforum Wien, MusikFabrik, United Instruments of Lucilin, Mosaik, Quatuor Diotima, Quatuor B\u00e9la, Nieuw Ensemble, Taller Sonoro, L&amp;#39;Itin\u00e9raire, Vortex, Orquestas de Bilbao, Euskadi, S\u00e3o Paulo, Minas Gerais, etc.).<\/p>\n<p>&nbsp;<\/p>\n<p>Ha sido compositor en residencia en la Real Academia de Espa\u00f1a en Roma, en la Academia de Francia en Madrid-Casa de Vel\u00e1zquez y en el KulturKontakt &#8211; Canciller\u00eda Federal de Austria, en Viena. Ha desarrollado igualmente residencias de creaci\u00f3n en el IRCAM, GMEM, GRAME, SCRIME, Fundaci\u00f3n Phonos, Royaumont y junto al Ensemble Taller Sonoro, dentro del Programa Iberm\u00fasicas.<\/p>\n<p>&nbsp;<\/p>\n<p>Adem\u00e1s de su labor de compositor, act\u00faa regularmente como int\u00e9rprete de electr\u00f3nica y guitarra el\u00e9ctrica en sus piezas y en los programas que les acompa\u00f1an.<\/p>\n<p>&nbsp;<\/p>\n<p>Aur\u00e9lio Edler-Copes es titulado en guitarra con Daniel Wolff en la Universidad Federal del Rio Grande del Sur, en Brasil y en composici\u00f3n con Gabriel Erkoreka en el Centro Superior de M\u00fasica del Pa\u00eds Vasco &#8211; Musikene. Ha obtenido, adem\u00e1s, un Master en Composici\u00f3n y Teatro Musical con Georges Aperghis en la Hochschule der K\u00fcnste Bern, y ha completado su formaci\u00f3n en el Cursus de Composici\u00f3n e Inform\u00e1tica Musical del IRCAM &#8211; Centre Pompidou de Par\u00eds. \u00c9l es coordinador del departamento de creaci\u00f3n y profesor de composici\u00f3n y \u200bde m\u00fasica electr\u00f3nica en el Conservatorio Departamental de Clamart, en la regi\u00f3n sur de Par\u00eds. Es actualmente co-curador de la serie de conciertos radiof\u00f3nicos Live.Bazar, en Par\u00eds. Sus obras est\u00e1n editadas por Babel Scores.<\/p>\n<p>&nbsp;<\/p>\n<p>Durante la residencia en el CMMAS, Edler-Copes trabajar\u00e1 en la realizaci\u00f3n de Mental Guitar Machine, para guitarra el\u00e9ctrica, electr\u00f3nica y video. La obra estar\u00e1 inspirada en las primeras tecnolog\u00edas digitales de los a\u00f1os 70 y 80 y pretende cuestionar, de forma cr\u00edtica, l\u00fadica e inventiva, nuestra relaci\u00f3n con los medios tecnol\u00f3gicos, que se incorporan cada vez m\u00e1s a nuestro<\/p>\n<p>cotidiano.<\/p>\n<p>&nbsp;<\/p>\n<p>Al final de la residencia el m\u00fasico dar\u00e1 una charla entorno al proceso creativo de Mental Radio Machine as\u00ed como un concierto de guitarra el\u00e9ctrica y electr\u00f3nica son fragmentos de la nueva obra, bien como obras de Tristan Murail, Steve Reich, Hugues Dufourt et Terry Riley. El estreno definitivo de la nueva obra se har\u00e1 en Francia y en Brasil en la temporada 2024-2025.<\/p>\n<p>&nbsp;<\/p>\n<ul>\n<li>19 de abril, 19h en CMMAS, Casa de la Cultura de Morelia, Av Morelos Nte 485, Centro hist\u00f3rico de Morelia, 58000 Morelia, Mich., M\u00e9xico<\/li>\n<\/ul>\n","protected":false},"excerpt":{"rendered":"<p>El compositor y guitarrista brasile\u00f1o radicado en Par\u00eds, Aur\u00e9lio Edler-Copes inicia su residencia en el CMMAS (Centro Mexicano para la M\u00fasica y las Artes Sonoras) durante el mes de abril.\u00a0 Edler-Copes es un creador de m\u00faltiples influencias, que comenz\u00f3 con la guitarra el\u00e9ctrica\u200b y luego la cl\u00e1sica, pasando en su juventud \u200bpor varios estilos hasta [&hellip;]<\/p>\n","protected":false},"author":7,"featured_media":18257,"comment_status":"closed","ping_status":"closed","sticky":false,"template":"","format":"standard","meta":{"footnotes":""},"categories":[53],"tags":[],"class_list":["post-18256","post","type-post","status-publish","format-standard","has-post-thumbnail","hentry","category-noticias-generales"],"lang":"es","translations":{"es":18256,"pt":18259},"pll_sync_post":[],"post_mailing_queue_ids":[],"_links":{"self":[{"href":"http:\/\/staging.ibermusicas.org\/index.php\/wp-json\/wp\/v2\/posts\/18256","targetHints":{"allow":["GET"]}}],"collection":[{"href":"http:\/\/staging.ibermusicas.org\/index.php\/wp-json\/wp\/v2\/posts"}],"about":[{"href":"http:\/\/staging.ibermusicas.org\/index.php\/wp-json\/wp\/v2\/types\/post"}],"author":[{"embeddable":true,"href":"http:\/\/staging.ibermusicas.org\/index.php\/wp-json\/wp\/v2\/users\/7"}],"replies":[{"embeddable":true,"href":"http:\/\/staging.ibermusicas.org\/index.php\/wp-json\/wp\/v2\/comments?post=18256"}],"version-history":[{"count":1,"href":"http:\/\/staging.ibermusicas.org\/index.php\/wp-json\/wp\/v2\/posts\/18256\/revisions"}],"predecessor-version":[{"id":18258,"href":"http:\/\/staging.ibermusicas.org\/index.php\/wp-json\/wp\/v2\/posts\/18256\/revisions\/18258"}],"wp:featuredmedia":[{"embeddable":true,"href":"http:\/\/staging.ibermusicas.org\/index.php\/wp-json\/wp\/v2\/media\/18257"}],"wp:attachment":[{"href":"http:\/\/staging.ibermusicas.org\/index.php\/wp-json\/wp\/v2\/media?parent=18256"}],"wp:term":[{"taxonomy":"category","embeddable":true,"href":"http:\/\/staging.ibermusicas.org\/index.php\/wp-json\/wp\/v2\/categories?post=18256"},{"taxonomy":"post_tag","embeddable":true,"href":"http:\/\/staging.ibermusicas.org\/index.php\/wp-json\/wp\/v2\/tags?post=18256"}],"curies":[{"name":"wp","href":"https:\/\/api.w.org\/{rel}","templated":true}]}}