{"id":18259,"date":"2024-03-27T04:00:25","date_gmt":"2024-03-27T04:00:25","guid":{"rendered":"http:\/\/staging.ibermusicas.org\/?p=18259"},"modified":"2024-04-29T17:33:22","modified_gmt":"2024-04-29T17:33:22","slug":"o-compositor-brasileiro-aurelio-edler-copes-inicia-a-sua-residencia-no-cmmas","status":"publish","type":"post","link":"http:\/\/staging.ibermusicas.org\/index.php\/o-compositor-brasileiro-aurelio-edler-copes-inicia-a-sua-residencia-no-cmmas\/","title":{"rendered":"O compositor brasileiro Aur\u00e9lio Edler-Copes inicia a sua resid\u00eancia no CMMAS"},"content":{"rendered":"<p>O compositor e guitarrista brasileiro radicado em Paris, Aur\u00e9lio Edler-Copes inicia a sua resid\u00eancia no CMMAS (Centro Mexicano para a M\u00fasica e as Artes Sonoras) durante o m\u00eas de abril. Edler- Copes \u00e9 um criador de m\u00faltiplas influ\u00eancias, que se iniciou na guitarra el\u00e9ctrica e no viol\u00e3o cl\u00e1ssico, passando por diversos estilos na sua juventude at\u00e9 encontrar o seu verdadeiro campo de express\u00e3o na m\u00fasica contempor\u00e2nea.<\/p>\n<p>A obra de Aur\u00e9lio Edler-Copes \u00e9 conhecida pela sua intensidade, dinamismo e for\u00e7a dram\u00e1tica. A sua pesquisa art\u00edstica levou-o a eletrificar instrumentos ac\u00fasticos e a fundi-los com instrumentos el\u00e9ctricos em dispositivos \u00fanicos, integrando o anal\u00f3gico e o digital em tempo real, bem como sistemas interactivos de v\u00eddeo e luz.<\/p>\n<p>&nbsp;<\/p>\n<p>Criador de intensa atividade, recebeu encomendas da Bienal de Veneza, IRCAM, Cit\u00e9 de la Musique de Paris, Philharmonie du Luxembourg, Wigmore Hall, OSESP, BBVA, Governo Franc\u00eas, Governo Basco, e colabora regularmente com solistas e agrupamentos de prest\u00edgio (Ensemble Intercontemporain, Klangforum Wien, MusikFabrik, United Instruments of Lucilin, Quatuor Diotima, Quatuor B\u00e9la, Nieuw Ensemble, Taller Sonoro, L&amp;#39;Itin\u00e9raire, Mosaik, Vortex, Taller Sonoro, Orquestras de Bilbao, Euskadi, S\u00e3o Paulo, Minas Gerais, etc.).<\/p>\n<p>&nbsp;<\/p>\n<p>Foi compositor residente na Real Academia de Espanha em Roma, na Academia Francesa de Madrid-Casa de Vel\u00e1zquez e no KulturKontakt &#8211; Chancelaria Federal Austr\u00edaca em Viena. Realizou tamb\u00e9m resid\u00eancias criativas no IRCAM, GMEM, GRAME, SCRIME, Fundaci\u00f3n Phonos, Royaumont e com o Ensemble Taller Sonoro, no \u00e2mbito do programa Iberm\u00fasicas.<\/p>\n<p>&nbsp;<\/p>\n<p>Al\u00e9m do seu trabalho como compositor, apresenta-se regularmente como instrumentista de eletr\u00f3nica e guitarra el\u00e9ctrica nas suas obras e nos programas que as acompanham.<\/p>\n<p>&nbsp;<\/p>\n<p>Aur\u00e9lio Edler-Copes formou-se em guitarra com Daniel Wolff na Universidade Federal do Rio Grande do Sul, no Brasil, e em composi\u00e7\u00e3o com Gabriel Erkoreka no Centro Superior de M\u00fasica do Pa\u00eds Vasco &#8211; Musikene. Obteve tamb\u00e9m um mestrado em Composi\u00e7\u00e3o e Teatro Musical com Georges Aperghis na Hochschule der K\u00fcnste Bern, e completou a sua forma\u00e7\u00e3o no Cursus de Composition et Informatique Musicale no IRCAM &#8211; Centre Pompidou em Paris. \u00c9 coordenador do departamento de cria\u00e7\u00e3o e professor de composi\u00e7\u00e3o e de m\u00fasica eletr\u00f3nica no Conservat\u00f3rio Departamental de Clamart, na regi\u00e3o sul de Paris. Atualmente, \u00e9 co-curador da s\u00e9rie de concertos radiof\u00f3nicos Live.Bazar em Paris. As suas obras s\u00e3o publicadas pela Babel Scores.<\/p>\n<p>&nbsp;<\/p>\n<p>Durante a resid\u00eancia no CMMAS, Edler-Copes trabalhar\u00e1 na realiza\u00e7\u00e3o de Mental Guitar Machine, para guitarra el\u00e9ctrica, eletr\u00f3nica e v\u00eddeo. A obra ser\u00e1 inspirada nas primeiras tecnologias digitais dos anos 70 e 80 e pretende questionar, de forma cr\u00edtica, l\u00fadica e inventiva, a nossa rela\u00e7\u00e3o com os meios tecnol\u00f3gicos, cada vez mais incorporados no nosso quotidiano.<\/p>\n<p>&nbsp;<\/p>\n<p>No final da resid\u00eancia, o m\u00fasico dar\u00e1 uma palestra sobre o processo criativo de Mental Radio Machine e um concerto de guitarra el\u00e9ctrica e eletr\u00f3nica com fragmentos da nova obra, bem como obras de Tristan Murail, Steve Reich, Hugues Dufourt e Terry Riley. A estreia final da nova obra ter\u00e1 lugar em Fran\u00e7a e no Brasil na temporada 2024-2025.<\/p>\n<p>&nbsp;<\/p>\n<ul>\n<li>19 de abril, 19h no CMMAS, Casa de la Cultura de Morelia, Av Morelos Nte 485, Centro hist\u00f3rico de Morelia, 58000 Morelia, Michigan, M\u00e9xico<\/li>\n<\/ul>\n","protected":false},"excerpt":{"rendered":"<p>O compositor e guitarrista brasileiro radicado em Paris, Aur\u00e9lio Edler-Copes inicia a sua resid\u00eancia no CMMAS (Centro Mexicano para a M\u00fasica e as Artes Sonoras) durante o m\u00eas de abril. Edler- Copes \u00e9 um criador de m\u00faltiplas influ\u00eancias, que se iniciou na guitarra el\u00e9ctrica e no viol\u00e3o cl\u00e1ssico, passando por diversos estilos na sua juventude [&hellip;]<\/p>\n","protected":false},"author":7,"featured_media":18257,"comment_status":"closed","ping_status":"closed","sticky":false,"template":"","format":"standard","meta":{"footnotes":""},"categories":[218],"tags":[],"class_list":["post-18259","post","type-post","status-publish","format-standard","has-post-thumbnail","hentry","category-noticias-generales-pt"],"lang":"pt","translations":{"pt":18259,"es":18256},"pll_sync_post":[],"post_mailing_queue_ids":[],"_links":{"self":[{"href":"http:\/\/staging.ibermusicas.org\/index.php\/wp-json\/wp\/v2\/posts\/18259","targetHints":{"allow":["GET"]}}],"collection":[{"href":"http:\/\/staging.ibermusicas.org\/index.php\/wp-json\/wp\/v2\/posts"}],"about":[{"href":"http:\/\/staging.ibermusicas.org\/index.php\/wp-json\/wp\/v2\/types\/post"}],"author":[{"embeddable":true,"href":"http:\/\/staging.ibermusicas.org\/index.php\/wp-json\/wp\/v2\/users\/7"}],"replies":[{"embeddable":true,"href":"http:\/\/staging.ibermusicas.org\/index.php\/wp-json\/wp\/v2\/comments?post=18259"}],"version-history":[{"count":1,"href":"http:\/\/staging.ibermusicas.org\/index.php\/wp-json\/wp\/v2\/posts\/18259\/revisions"}],"predecessor-version":[{"id":18260,"href":"http:\/\/staging.ibermusicas.org\/index.php\/wp-json\/wp\/v2\/posts\/18259\/revisions\/18260"}],"wp:featuredmedia":[{"embeddable":true,"href":"http:\/\/staging.ibermusicas.org\/index.php\/wp-json\/wp\/v2\/media\/18257"}],"wp:attachment":[{"href":"http:\/\/staging.ibermusicas.org\/index.php\/wp-json\/wp\/v2\/media?parent=18259"}],"wp:term":[{"taxonomy":"category","embeddable":true,"href":"http:\/\/staging.ibermusicas.org\/index.php\/wp-json\/wp\/v2\/categories?post=18259"},{"taxonomy":"post_tag","embeddable":true,"href":"http:\/\/staging.ibermusicas.org\/index.php\/wp-json\/wp\/v2\/tags?post=18259"}],"curies":[{"name":"wp","href":"https:\/\/api.w.org\/{rel}","templated":true}]}}