{"id":18261,"date":"2024-03-27T04:02:30","date_gmt":"2024-03-27T04:02:30","guid":{"rendered":"http:\/\/staging.ibermusicas.org\/?p=18261"},"modified":"2024-04-29T17:46:56","modified_gmt":"2024-04-29T17:46:56","slug":"comienza-arrullos-de-infancia-2-creacion-de-canciones","status":"publish","type":"post","link":"http:\/\/staging.ibermusicas.org\/index.php\/comienza-arrullos-de-infancia-2-creacion-de-canciones\/","title":{"rendered":"Comienza \u201cArrullos de Infancia 2 &#8211; Creaci\u00f3n de Canciones\u201d"},"content":{"rendered":"<p>Los Encuentros \u00abArrullos de Infancia 2: Creaci\u00f3n de Canciones\u00bb, comprenden la revisi\u00f3n de un repertorio de versos y canciones de la oralidad especialmente elegidas para cada ocasi\u00f3n de modo de iluminar y animar el proceso creativo de los participantes.<\/p>\n<p>&nbsp;<\/p>\n<p>El taller invita a Madres, Padres, Abuelos, Educadores y todo aquel que quiera adentrarse en el mundo de la m\u00fasica para la infancia, a vivenciar una selecci\u00f3n especial de canciones de cuna y versos, en clave de ritmos Iberoamericanos, como inspiraci\u00f3n a la propia creaci\u00f3n.<\/p>\n<p>&nbsp;<\/p>\n<p>El ciclo completo comprende diez encuentros. Cada encuentro se realizar\u00e1 de forma Online, a trav\u00e9s de la Plataforma Zoom, permitiendo la conexi\u00f3n de participantes de diversos lugares del mundo y la integraci\u00f3n Iberoamericana. Los talleres estar\u00e1n a cargo de Carolina Chacana y Sebasti\u00e1n Guevara.<\/p>\n<p>&nbsp;<\/p>\n<p>Carolina Chacana es licenciada en Est\u00e9tica en la Universidad Cat\u00f3lica de Chile con estudios de musicolog\u00eda y direcci\u00f3n coral en la misma Universidad y diplomada en el programa \u00abEstudios en m\u00fasica popular\u00bb de la Universidad Alberto Hurtado. Investigadora de m\u00fasicas de tradici\u00f3n oral iberoamericana, maestra waldorf formada en canto Werbeck y profesora de m\u00fasica desde la visi\u00f3n de la antroposof\u00eda.<\/p>\n<p>&nbsp;<\/p>\n<p>Sebasti\u00e1n Guevara es compositor y m\u00fasico argentino nacido en la provincia de Mendoza, egresado de la Escuela de M\u00fasica de Buenos Aires (EMBA) de la carrera de M\u00fasico Profesional con especializaci\u00f3n en Guitarra y en Canto. Desde sus inicios, hace m\u00e1s de 20 a\u00f1os, ha combinado la docencia, la composici\u00f3n, la producci\u00f3n y las presentaciones en vivo.<\/p>\n<p>&nbsp;<\/p>\n<p>Un manantial de canciones tradicionales y versos de la oralidad cobij\u00f3 la infancia de la mayor\u00eda de los ni\u00f1os de anta\u00f1o. En sus primeros a\u00f1os, arrullos de poes\u00edas en clave r\u00edtmica en voces de padres, abuelos y yayas, guiaban su crecimiento y arrullaban su sue\u00f1o; luego, ya m\u00e1s grandes, acompa\u00f1aban sus momentos de juego con trabalenguas, rondas, adivinanzas y destrezas r\u00edtmicas en juegos de manos, cantos para saltar la cuerda o versos de nunca acabar que eternizaban el tiempo presente. Esa sabidur\u00eda espont\u00e1nea, de naturaleza no escrita, vive cuando \u201cse pasa por el coraz\u00f3n\u201d y se manifiesta en la viva voz de los seres amados, referentes y gu\u00edas del camino.<\/p>\n<p>&nbsp;<\/p>\n<p>Primer encuentro: s\u00e1bado 20 de abril, 11 h Chile \/ 12 h. Argentina \/ 16 h. Espa\u00f1a<\/p>\n<p>hemiolamusicas@gmail.com \/<\/p>\n","protected":false},"excerpt":{"rendered":"<p>Los Encuentros \u00abArrullos de Infancia 2: Creaci\u00f3n de Canciones\u00bb, comprenden la revisi\u00f3n de un repertorio de versos y canciones de la oralidad especialmente elegidas para cada ocasi\u00f3n de modo de iluminar y animar el proceso creativo de los participantes. &nbsp; El taller invita a Madres, Padres, Abuelos, Educadores y todo aquel que quiera adentrarse en [&hellip;]<\/p>\n","protected":false},"author":7,"featured_media":18262,"comment_status":"closed","ping_status":"closed","sticky":false,"template":"","format":"standard","meta":{"footnotes":""},"categories":[53],"tags":[],"class_list":["post-18261","post","type-post","status-publish","format-standard","has-post-thumbnail","hentry","category-noticias-generales"],"lang":"es","translations":{"es":18261,"pt":18264},"pll_sync_post":[],"post_mailing_queue_ids":[],"_links":{"self":[{"href":"http:\/\/staging.ibermusicas.org\/index.php\/wp-json\/wp\/v2\/posts\/18261","targetHints":{"allow":["GET"]}}],"collection":[{"href":"http:\/\/staging.ibermusicas.org\/index.php\/wp-json\/wp\/v2\/posts"}],"about":[{"href":"http:\/\/staging.ibermusicas.org\/index.php\/wp-json\/wp\/v2\/types\/post"}],"author":[{"embeddable":true,"href":"http:\/\/staging.ibermusicas.org\/index.php\/wp-json\/wp\/v2\/users\/7"}],"replies":[{"embeddable":true,"href":"http:\/\/staging.ibermusicas.org\/index.php\/wp-json\/wp\/v2\/comments?post=18261"}],"version-history":[{"count":1,"href":"http:\/\/staging.ibermusicas.org\/index.php\/wp-json\/wp\/v2\/posts\/18261\/revisions"}],"predecessor-version":[{"id":18263,"href":"http:\/\/staging.ibermusicas.org\/index.php\/wp-json\/wp\/v2\/posts\/18261\/revisions\/18263"}],"wp:featuredmedia":[{"embeddable":true,"href":"http:\/\/staging.ibermusicas.org\/index.php\/wp-json\/wp\/v2\/media\/18262"}],"wp:attachment":[{"href":"http:\/\/staging.ibermusicas.org\/index.php\/wp-json\/wp\/v2\/media?parent=18261"}],"wp:term":[{"taxonomy":"category","embeddable":true,"href":"http:\/\/staging.ibermusicas.org\/index.php\/wp-json\/wp\/v2\/categories?post=18261"},{"taxonomy":"post_tag","embeddable":true,"href":"http:\/\/staging.ibermusicas.org\/index.php\/wp-json\/wp\/v2\/tags?post=18261"}],"curies":[{"name":"wp","href":"https:\/\/api.w.org\/{rel}","templated":true}]}}