{"id":18264,"date":"2024-03-27T04:04:01","date_gmt":"2024-03-27T04:04:01","guid":{"rendered":"http:\/\/staging.ibermusicas.org\/?p=18264"},"modified":"2024-04-29T17:33:15","modified_gmt":"2024-04-29T17:33:15","slug":"inicio-de-acalantos-de-infancia-2-criacao-de-cancoes","status":"publish","type":"post","link":"http:\/\/staging.ibermusicas.org\/index.php\/inicio-de-acalantos-de-infancia-2-criacao-de-cancoes\/","title":{"rendered":"In\u00edcio de \u00abAcalantos de Inf\u00e2ncia 2 &#8211; Cria\u00e7\u00e3o de Can\u00e7\u00f5es\u00bb"},"content":{"rendered":"<p>Os Encontros \u00abAcalantos de Inf\u00e2ncia 2: Cria\u00e7\u00e3o de Can\u00e7\u00f5es\u00bb, incluem a revis\u00e3o de um repert\u00f3rio de versos e can\u00e7\u00f5es da tradi\u00e7\u00e3o oral especialmente escolhidos para cada ocasi\u00e3o, a fim de iluminar e incentivar o processo criativo dos participantes.<\/p>\n<p>&nbsp;<\/p>\n<p>A oficina convida M\u00e3es, Pais, Av\u00f3s, Educadores e todos aqueles que queiram entrar no mundo da m\u00fasica para crian\u00e7as, a experimentar uma sele\u00e7\u00e3o especial de can\u00e7\u00f5es de embalar e versos, na tonalidade dos ritmos ibero-americanos, como inspira\u00e7\u00e3o para a sua pr\u00f3pria cria\u00e7\u00e3o.<\/p>\n<p>&nbsp;<\/p>\n<p>O ciclo completo compreende dez encontros. Cada encontro ser\u00e1 realizado online, atrav\u00e9s da plataforma Zoom, permitindo a conex\u00e3o de participantes de diferentes partes do mundo e a integra\u00e7\u00e3o ibero-americana. Os workshops ser\u00e3o orientados por Carolina Chacana e Sebasti\u00e1n Guevara.<\/p>\n<p>&nbsp;<\/p>\n<p>Carolina Chacana \u00e9 licenciada em Est\u00e9tica pela Universidade Cat\u00f3lica do Chile, com estudos de musicologia e dire\u00e7\u00e3o coral na mesma universidade e um diploma no programa \u00abEstudos de M\u00fasica Popular\u00bb na Universidade Alberto Hurtado. \u00c9 investigadora de m\u00fasica de tradi\u00e7\u00e3o oral ibero-americana, professora Waldorf com forma\u00e7\u00e3o em canto Werbeck e professora de m\u00fasica numa perspetiva antropos\u00f3fica.<\/p>\n<p>&nbsp;<\/p>\n<p>Sebasti\u00e1n Guevara \u00e9 um compositor e m\u00fasico argentino nascido na prov\u00edncia de Mendoza, formado na Escola de M\u00fasica de Buenos Aires (EMBA) como M\u00fasico Profissional com especializa\u00e7\u00e3o em Guitarra e Canto. Desde os seus in\u00edcios, h\u00e1 mais de 20 anos, tem combinado ensino, composi\u00e7\u00e3o, produ\u00e7\u00e3o e actua\u00e7\u00f5es ao vivo.<\/p>\n<p>&nbsp;<\/p>\n<p>Um manancial de can\u00e7\u00f5es tradicionais e versos orais abrigou a inf\u00e2ncia da maioria das crian\u00e7as de antigamente. Nos primeiros anos, as can\u00e7\u00f5es de embalar de poesia em chave r\u00edtmica nas vozes dos pais, av\u00f3s e iai\u00e1s, orientavam o seu crescimento e embalavam o sono; depois, quando mais velhas, acompanhavam os seus momentos de brincadeira com trava-l\u00ednguas, rodadas, adivinhas e habilidades r\u00edtmicas em jogos de m\u00e3os, cantigas de saltar \u00e0 corda ou versos sem fim que eternizaram o tempo presente. Esta sabedoria espont\u00e2nea, de car\u00e1cter n\u00e3o escrito, perdura quando \u00abpassa pelo cora\u00e7\u00e3o\u00bb e se manifesta na voz viva dos pessoas queridas, referentes e guias do caminho.<\/p>\n<p>&nbsp;<\/p>\n<p>Primero encontro: s\u00e1bado, 20 de abril, 11 h. Chile \/ 12 h. Argentina \/ 16 h. Espanha<\/p>\n<p>hemiolamusicas@gmail.com \/<\/p>\n","protected":false},"excerpt":{"rendered":"<p>Os Encontros \u00abAcalantos de Inf\u00e2ncia 2: Cria\u00e7\u00e3o de Can\u00e7\u00f5es\u00bb, incluem a revis\u00e3o de um repert\u00f3rio de versos e can\u00e7\u00f5es da tradi\u00e7\u00e3o oral especialmente escolhidos para cada ocasi\u00e3o, a fim de iluminar e incentivar o processo criativo dos participantes. &nbsp; A oficina convida M\u00e3es, Pais, Av\u00f3s, Educadores e todos aqueles que queiram entrar no mundo da [&hellip;]<\/p>\n","protected":false},"author":7,"featured_media":18262,"comment_status":"closed","ping_status":"closed","sticky":false,"template":"","format":"standard","meta":{"footnotes":""},"categories":[218],"tags":[],"class_list":["post-18264","post","type-post","status-publish","format-standard","has-post-thumbnail","hentry","category-noticias-generales-pt"],"lang":"pt","translations":{"pt":18264,"es":18261},"pll_sync_post":[],"post_mailing_queue_ids":[],"_links":{"self":[{"href":"http:\/\/staging.ibermusicas.org\/index.php\/wp-json\/wp\/v2\/posts\/18264","targetHints":{"allow":["GET"]}}],"collection":[{"href":"http:\/\/staging.ibermusicas.org\/index.php\/wp-json\/wp\/v2\/posts"}],"about":[{"href":"http:\/\/staging.ibermusicas.org\/index.php\/wp-json\/wp\/v2\/types\/post"}],"author":[{"embeddable":true,"href":"http:\/\/staging.ibermusicas.org\/index.php\/wp-json\/wp\/v2\/users\/7"}],"replies":[{"embeddable":true,"href":"http:\/\/staging.ibermusicas.org\/index.php\/wp-json\/wp\/v2\/comments?post=18264"}],"version-history":[{"count":1,"href":"http:\/\/staging.ibermusicas.org\/index.php\/wp-json\/wp\/v2\/posts\/18264\/revisions"}],"predecessor-version":[{"id":18265,"href":"http:\/\/staging.ibermusicas.org\/index.php\/wp-json\/wp\/v2\/posts\/18264\/revisions\/18265"}],"wp:featuredmedia":[{"embeddable":true,"href":"http:\/\/staging.ibermusicas.org\/index.php\/wp-json\/wp\/v2\/media\/18262"}],"wp:attachment":[{"href":"http:\/\/staging.ibermusicas.org\/index.php\/wp-json\/wp\/v2\/media?parent=18264"}],"wp:term":[{"taxonomy":"category","embeddable":true,"href":"http:\/\/staging.ibermusicas.org\/index.php\/wp-json\/wp\/v2\/categories?post=18264"},{"taxonomy":"post_tag","embeddable":true,"href":"http:\/\/staging.ibermusicas.org\/index.php\/wp-json\/wp\/v2\/tags?post=18264"}],"curies":[{"name":"wp","href":"https:\/\/api.w.org\/{rel}","templated":true}]}}