{"id":18271,"date":"2024-03-27T04:12:40","date_gmt":"2024-03-27T04:12:40","guid":{"rendered":"http:\/\/staging.ibermusicas.org\/?p=18271"},"modified":"2024-04-29T17:42:16","modified_gmt":"2024-04-29T17:42:16","slug":"en-un-concierto-especial-la-orquesta-filarmonica-nacional-de-venezuela-dirigida-por-el-maestro-ruben-capriles-dara-vida-a-las-obras-sinfonicas-premiadas-por-ibermusicas","status":"publish","type":"post","link":"http:\/\/staging.ibermusicas.org\/index.php\/en-un-concierto-especial-la-orquesta-filarmonica-nacional-de-venezuela-dirigida-por-el-maestro-ruben-capriles-dara-vida-a-las-obras-sinfonicas-premiadas-por-ibermusicas\/","title":{"rendered":"En un concierto especial, la Orquesta Filarm\u00f3nica Nacional de Venezuela, dirigida por el Maestro Rub\u00e9n Capriles, dar\u00e1 vida a las obras sinf\u00f3nicas premiadas por Iberm\u00fasicas"},"content":{"rendered":"<p>Por d\u00e9cimo a\u00f1o consecutivo Iberm\u00fasicas lanz\u00f3 en 2023 un concurso de creaci\u00f3n de obras sinf\u00f3nicas con el prop\u00f3sito de fortalecer la creaci\u00f3n de obra sinf\u00f3nica nueva a fin de ampliar el repertorio iberoamericano en este campo, incentivando estas actividades con plena libertad creativa. Mediante este concurso fueron premiadas once obras in\u00e9ditas de compositores de Argentina, Brasil, Chile, Colombia, Cuba, Ecuador, Espa\u00f1a, M\u00e9xico, Panam\u00e1, Per\u00fa y Venezuela.<\/p>\n<p>&nbsp;<\/p>\n<p>La particularidad de este concurso ha sido que gracias a la participaci\u00f3n especial del Ministerio de Cultura de Cuba y del Ministerio del Poder Popular para la Cultura de Venezuela, las once obras ser\u00e1n estrenadas en el marco de dos conciertos especiales por parte de la Orquesta Sinf\u00f3nica Nacional de Cuba y de la Orquesta Filarm\u00f3nica Nacional de Venezuela.<\/p>\n<p>&nbsp;<\/p>\n<p>Con gran alegr\u00eda, el Programa Iberm\u00fasicas se complace en anunciar el primero de estos dos grandes conciertos que tendr\u00e1 lugar el domingo 28 de abril en una funci\u00f3n especial y exclusiva en la Sala Sim\u00f3n Bol\u00edvar del Centro de Acci\u00f3n Social por la M\u00fasica perteneciente a El Sistema, en la Ciudad de Caracas, Venezuela. All\u00ed la Orquesta Filarm\u00f3nica Nacional de Venezuela, bajo la batuta del Maestro Rub\u00e9n Capriles realizar\u00e1 los estrenos de \u201cDensidades\u201d de Gustavo De Leonardis (Argentina), \u201cDeja Vu\u201d de Marcelo Dino (Brasil), \u201cCerca al Horizonte\u201d de Andr\u00e9s Poveda Herrera (Colombia), \u201cSusurros I\u201d de Daniel Toledo Guill\u00e9n (Cuba), \u201cAvalon\u201d de Jos\u00e9 Luis Valdivia Arias (Espa\u00f1a) y \u201cMe voy porque me voy\u201d de Rodrigo Valdez Hermoso (M\u00e9xico).<\/p>\n<p>&nbsp;<\/p>\n<p>La funci\u00f3n de estreno de las obras contar\u00e1 con la presencia en la sala de dos de los compositores premiados quienes viajan especialmente a Venezuela para participar tambi\u00e9n de los ensayos previos: Gustavo De Leonardis de Argentina y Marcelo Dino de Brasil.<\/p>\n<p>&nbsp;<\/p>\n<p>La Orquesta Filarm\u00f3nica Nacional de Venezuela, cuerpo art\u00edstico de la Fundaci\u00f3n Compa\u00f1\u00eda Nacional de M\u00fasica adscrito al Ministerio del Poder Popular para la Cultura, fue fundada el 22 de julio de 1987 con el fin de fortalecer la identidad nacional mediante la difusi\u00f3n del repertorio sinf\u00f3nico venezolano. Es la orquesta que m\u00e1s oportunidades brinda a directores venezolanos, as\u00ed como a un gran n\u00famero de solistas internacionales. Ha logrado, mediante su talentoso cuerpo orquestal, interpretar magistralmente composiciones que incluyen estrenos nacionales, latinoamericanos y mundiales. La Orquesta Filarm\u00f3nica Nacional de Venezuela ha participado con gran \u00e9xito en importantes eventos musicales, que van desde la m\u00fasica sinf\u00f3nica hasta el montaje de espect\u00e1culos populares.<\/p>\n<p>&nbsp;<\/p>\n<p>Pr\u00f3ximamente se anunciar\u00e1n los estrenos de las obras que estar\u00e1n a cargo de la Orquesta Sinf\u00f3nica Nacional de Cuba.<\/p>\n<p>&nbsp;<\/p>\n<ul>\n<li>Domingo 28 de abril a las 16h en la Sala Sim\u00f3n Bol\u00edvar del Centro de Acci\u00f3n Social por la M\u00fasica perteneciente a El Sistema, en la Ciudad de Caracas, Venezuela<\/li>\n<\/ul>\n","protected":false},"excerpt":{"rendered":"<p>Por d\u00e9cimo a\u00f1o consecutivo Iberm\u00fasicas lanz\u00f3 en 2023 un concurso de creaci\u00f3n de obras sinf\u00f3nicas con el prop\u00f3sito de fortalecer la creaci\u00f3n de obra sinf\u00f3nica nueva a fin de ampliar el repertorio iberoamericano en este campo, incentivando estas actividades con plena libertad creativa. Mediante este concurso fueron premiadas once obras in\u00e9ditas de compositores de Argentina, [&hellip;]<\/p>\n","protected":false},"author":7,"featured_media":18272,"comment_status":"closed","ping_status":"closed","sticky":false,"template":"","format":"standard","meta":{"footnotes":""},"categories":[53],"tags":[],"class_list":["post-18271","post","type-post","status-publish","format-standard","has-post-thumbnail","hentry","category-noticias-generales"],"lang":"es","translations":{"es":18271,"pt":18274},"pll_sync_post":[],"post_mailing_queue_ids":[],"_links":{"self":[{"href":"http:\/\/staging.ibermusicas.org\/index.php\/wp-json\/wp\/v2\/posts\/18271","targetHints":{"allow":["GET"]}}],"collection":[{"href":"http:\/\/staging.ibermusicas.org\/index.php\/wp-json\/wp\/v2\/posts"}],"about":[{"href":"http:\/\/staging.ibermusicas.org\/index.php\/wp-json\/wp\/v2\/types\/post"}],"author":[{"embeddable":true,"href":"http:\/\/staging.ibermusicas.org\/index.php\/wp-json\/wp\/v2\/users\/7"}],"replies":[{"embeddable":true,"href":"http:\/\/staging.ibermusicas.org\/index.php\/wp-json\/wp\/v2\/comments?post=18271"}],"version-history":[{"count":1,"href":"http:\/\/staging.ibermusicas.org\/index.php\/wp-json\/wp\/v2\/posts\/18271\/revisions"}],"predecessor-version":[{"id":18273,"href":"http:\/\/staging.ibermusicas.org\/index.php\/wp-json\/wp\/v2\/posts\/18271\/revisions\/18273"}],"wp:featuredmedia":[{"embeddable":true,"href":"http:\/\/staging.ibermusicas.org\/index.php\/wp-json\/wp\/v2\/media\/18272"}],"wp:attachment":[{"href":"http:\/\/staging.ibermusicas.org\/index.php\/wp-json\/wp\/v2\/media?parent=18271"}],"wp:term":[{"taxonomy":"category","embeddable":true,"href":"http:\/\/staging.ibermusicas.org\/index.php\/wp-json\/wp\/v2\/categories?post=18271"},{"taxonomy":"post_tag","embeddable":true,"href":"http:\/\/staging.ibermusicas.org\/index.php\/wp-json\/wp\/v2\/tags?post=18271"}],"curies":[{"name":"wp","href":"https:\/\/api.w.org\/{rel}","templated":true}]}}