{"id":18274,"date":"2024-03-27T04:14:32","date_gmt":"2024-03-27T04:14:32","guid":{"rendered":"http:\/\/staging.ibermusicas.org\/?p=18274"},"modified":"2024-04-29T17:33:00","modified_gmt":"2024-04-29T17:33:00","slug":"num-concerto-especial-a-orquestra-filarmonica-nacional-de-venezuela-dirigida-pelo-maestro-ruben-capriles-dara-vida-as-obras-sinfonicas-premiadas-pelo-ibermusicas","status":"publish","type":"post","link":"http:\/\/staging.ibermusicas.org\/index.php\/num-concerto-especial-a-orquestra-filarmonica-nacional-de-venezuela-dirigida-pelo-maestro-ruben-capriles-dara-vida-as-obras-sinfonicas-premiadas-pelo-ibermusicas\/","title":{"rendered":"Num concerto especial, a Orquestra Filarm\u00f4nica Nacional de Venezuela, dirigida pelo Maestro Rub\u00e9n Capriles, dar\u00e1 vida \u00e0s obras sinf\u00f3nicas premiadas pelo Iberm\u00fasicas"},"content":{"rendered":"<p>Pelo d\u00e9cimo ano consecutivo, o Programa Iberm\u00fasicas lan\u00e7ou em 2023 um concurso para a cria\u00e7\u00e3o de obras sinf\u00f3nicas com o objetivo de fortalecer a cria\u00e7\u00e3o de novas obras para ampliar o repert\u00f3rio ibero-americano neste campo, incentivando estas atividades com plena liberdade criativa. Neste concurso foram premiadas onze obras in\u00e9ditas de compositores da Argentina, Brasil, Chile, Col\u00f4mbia, Cuba, Equador, Espanha, M\u00e9xico, Panam\u00e1, Peru e Venezuela.<\/p>\n<p>&nbsp;<\/p>\n<p>A particularidade deste concurso \u00e9 que, gra\u00e7as \u00e0 participa\u00e7\u00e3o especial do Minist\u00e9rio da Cultura de Cuba e do Minist\u00e9rio do Poder Popular para a Cultura da Venezuela, as onze obras ser\u00e3o estreadas no \u00e2mbito de dois concertos especiais da Orquestra Sinf\u00f3nica Nacional de Cuba e da Orquestra Filarm\u00f4nica Nacional da Venezuela.<\/p>\n<p>&nbsp;<\/p>\n<p>\u00c9 com grande alegria que o Programa Iberm\u00fasicas tem o prazer de anunciar o primeiro destes dois grandes concertos, que ter\u00e1 lugar no domingo 28 de abril, numa atua\u00e7\u00e3o especial e exclusiva na Sala Sim\u00f3n Bol\u00edvar do Centro de Acci\u00f3n Social por la M\u00fasica pertencente a El Sistema, na cidade de Caracas, Venezuela. A\u00ed, a Orquestra Filarm\u00f3nica Nacional da Venezuela, sob a batuta do Maestro Rub\u00e9n Capriles, interpretar\u00e1 as estreias de \u00abDensidades\u00bb de Gustavo De Leonardis (Argentina), \u00abDeja Vu\u00bb de Marcelo Dino (Brasil), \u00abCerca al Horizonte\u00bb de Andr\u00e9s Poveda Herrera (Col\u00f4mbia), \u00abSusurros I\u00bb de Daniel Toledo Guill\u00e9n (Cuba), \u00abAvalon\u00bb de Jos\u00e9 Luis Valdivia Arias (Espanha) e \u00abMe voy porque me voy\u00bb de Rodrigo Valdez Hermoso (M\u00e9xico).<\/p>\n<p>Na estreia das obras estar\u00e3o presentes dois dos compositores premiados, Gustavo De Leonardis, da Argentina, e Marcelo Dino, do Brasil, que se deslocam especialmente \u00e0 Venezuela para participar da estreia e tamb\u00e9m dos ensaios.<\/p>\n<p>A Orquestra Filarm\u00f4nica Nacional da Venezuela, corpo art\u00edstico da Funda\u00e7\u00e3o Companhia Nacional de M\u00fasica ligado ao Minist\u00e9rio do Poder Popular para a Cultura, foi fundada em 22 de julho de 1987 com o objetivo de refor\u00e7ar a identidade nacional atrav\u00e9s da difus\u00e3o do repert\u00f3rio sinf\u00f3nico venezuelano. \u00c9 a orquestra que oferece mais oportunidades aos maestros venezuelanos, bem como a um grande n\u00famero de solistas internacionais. Atrav\u00e9s do seu talentoso corpo orquestral, tem conseguido interpretar magistralmente composi\u00e7\u00f5es que incluem estreias nacionais, latino-americanas e mundiais. A Orquestra Filarm\u00f4nica Nacional da Venezuela tem participado com grande sucesso em importantes eventos musicais, desde a m\u00fasica sinf\u00f3nica at\u00e9 \u00e0 encena\u00e7\u00e3o de espet\u00e1culos populares.<\/p>\n<p>As estreias das obras que ser\u00e3o interpretadas pela Orquestra Sinf\u00f3nica Nacional de Cuba ser\u00e3o anunciadas em breve.<\/p>\n<p>&nbsp;<\/p>\n<ul>\n<li>Domingo, 28 de abril, \u00e0s 16h, na Sala Sim\u00f3n Bol\u00edvar do Centro de Acci\u00f3n Social por la M\u00fasica pertencente a El Sistema, na cidade de Caracas, Venezuela<\/li>\n<\/ul>\n","protected":false},"excerpt":{"rendered":"<p>Pelo d\u00e9cimo ano consecutivo, o Programa Iberm\u00fasicas lan\u00e7ou em 2023 um concurso para a cria\u00e7\u00e3o de obras sinf\u00f3nicas com o objetivo de fortalecer a cria\u00e7\u00e3o de novas obras para ampliar o repert\u00f3rio ibero-americano neste campo, incentivando estas atividades com plena liberdade criativa. Neste concurso foram premiadas onze obras in\u00e9ditas de compositores da Argentina, Brasil, Chile, [&hellip;]<\/p>\n","protected":false},"author":7,"featured_media":18272,"comment_status":"closed","ping_status":"closed","sticky":false,"template":"","format":"standard","meta":{"footnotes":""},"categories":[218],"tags":[],"class_list":["post-18274","post","type-post","status-publish","format-standard","has-post-thumbnail","hentry","category-noticias-generales-pt"],"lang":"pt","translations":{"pt":18274,"es":18271},"pll_sync_post":[],"post_mailing_queue_ids":[],"_links":{"self":[{"href":"http:\/\/staging.ibermusicas.org\/index.php\/wp-json\/wp\/v2\/posts\/18274","targetHints":{"allow":["GET"]}}],"collection":[{"href":"http:\/\/staging.ibermusicas.org\/index.php\/wp-json\/wp\/v2\/posts"}],"about":[{"href":"http:\/\/staging.ibermusicas.org\/index.php\/wp-json\/wp\/v2\/types\/post"}],"author":[{"embeddable":true,"href":"http:\/\/staging.ibermusicas.org\/index.php\/wp-json\/wp\/v2\/users\/7"}],"replies":[{"embeddable":true,"href":"http:\/\/staging.ibermusicas.org\/index.php\/wp-json\/wp\/v2\/comments?post=18274"}],"version-history":[{"count":1,"href":"http:\/\/staging.ibermusicas.org\/index.php\/wp-json\/wp\/v2\/posts\/18274\/revisions"}],"predecessor-version":[{"id":18275,"href":"http:\/\/staging.ibermusicas.org\/index.php\/wp-json\/wp\/v2\/posts\/18274\/revisions\/18275"}],"wp:featuredmedia":[{"embeddable":true,"href":"http:\/\/staging.ibermusicas.org\/index.php\/wp-json\/wp\/v2\/media\/18272"}],"wp:attachment":[{"href":"http:\/\/staging.ibermusicas.org\/index.php\/wp-json\/wp\/v2\/media?parent=18274"}],"wp:term":[{"taxonomy":"category","embeddable":true,"href":"http:\/\/staging.ibermusicas.org\/index.php\/wp-json\/wp\/v2\/categories?post=18274"},{"taxonomy":"post_tag","embeddable":true,"href":"http:\/\/staging.ibermusicas.org\/index.php\/wp-json\/wp\/v2\/tags?post=18274"}],"curies":[{"name":"wp","href":"https:\/\/api.w.org\/{rel}","templated":true}]}}