{"id":18276,"date":"2024-03-27T04:16:10","date_gmt":"2024-03-27T04:16:10","guid":{"rendered":"http:\/\/staging.ibermusicas.org\/?p=18276"},"modified":"2024-04-29T17:39:56","modified_gmt":"2024-04-29T17:39:56","slug":"el-ensamble-kuatriada-de-chile-se-presentara-en-alemania","status":"publish","type":"post","link":"http:\/\/staging.ibermusicas.org\/index.php\/el-ensamble-kuatriada-de-chile-se-presentara-en-alemania\/","title":{"rendered":"El Ensamble Kuatriada de Chile se presentar\u00e1 en Alemania"},"content":{"rendered":"<p>El Ensamble Kuatriada de M\u00fasica Latinoamericana Chilena conformado por m\u00fasicos y m\u00fasicas de Valdivia y de Berl\u00edn se presentar\u00e1 en diferentes escenarios de la Capital Europea dentro del marco del III Festival Internacional Sonamos Latinoam\u00e9rica de Berl\u00edn.<\/p>\n<p>&nbsp;<\/p>\n<p>El ensamble Kuatriada es un grupo de m\u00fasica Instrumental de Valdivia, Chile. Su repertorio est\u00e1 basado en arreglos y composiciones de M\u00fasica Latinoamericana Chilena de su Director el Profesor de M\u00fasica Alejandro Torres Farf\u00e1n y de compositores nacionales e internacionales. El ensamble ha participado en diferentes presentaciones y conciertos a nivel nacional e internacional. Hasta la fecha el ensamble Kuatriada suma tres Giras Internacionales y grabaci\u00f3n de un \u00e1lbum con ocho piezas musicales. Sus integrantes son estudiantes del Colegio Bicentenario de M\u00fasica J. S. Bach de Valdivia, quienes adem\u00e1s son integrantes de la Orquesta EgC del mismo Colegio con quienes han grabado tres discos y realizado seis giras internacionales. El ensamble kuatriada combina los sonidos de: saxo alto, flauta traversa, quena, zampo\u00f1a, viol\u00edn, acorde\u00f3n, piano y guitarra.<\/p>\n<p>&nbsp;<\/p>\n<p>En la funci\u00f3n del 26 de abril, se contar\u00e1 con la presencia en la sala de Mar\u00eda Magdalena Atria, embajadora de Chile en Alemania.<\/p>\n<p>&nbsp;<\/p>\n<ul>\n<li>Jueves 25 de abril, 11h: Wilhelmstadt Schule<\/li>\n<li>Viernes 26 de abril: Calau<\/li>\n<li>Domingo 28 de abril: Zitadelle-Spandau<\/li>\n<li>Martes 30 de abril: Mary Poppins Grundschule<\/li>\n<li>Mi\u00e9rcoles 1ero de mayo: Binkenverda<\/li>\n<li>Viernes 03 de mayo: Berl\u00edn<\/li>\n<\/ul>\n","protected":false},"excerpt":{"rendered":"<p>El Ensamble Kuatriada de M\u00fasica Latinoamericana Chilena conformado por m\u00fasicos y m\u00fasicas de Valdivia y de Berl\u00edn se presentar\u00e1 en diferentes escenarios de la Capital Europea dentro del marco del III Festival Internacional Sonamos Latinoam\u00e9rica de Berl\u00edn. &nbsp; El ensamble Kuatriada es un grupo de m\u00fasica Instrumental de Valdivia, Chile. Su repertorio est\u00e1 basado en [&hellip;]<\/p>\n","protected":false},"author":7,"featured_media":18277,"comment_status":"closed","ping_status":"closed","sticky":false,"template":"","format":"standard","meta":{"footnotes":""},"categories":[53],"tags":[],"class_list":["post-18276","post","type-post","status-publish","format-standard","has-post-thumbnail","hentry","category-noticias-generales"],"lang":"es","translations":{"es":18276,"pt":18279},"pll_sync_post":[],"post_mailing_queue_ids":[],"_links":{"self":[{"href":"http:\/\/staging.ibermusicas.org\/index.php\/wp-json\/wp\/v2\/posts\/18276","targetHints":{"allow":["GET"]}}],"collection":[{"href":"http:\/\/staging.ibermusicas.org\/index.php\/wp-json\/wp\/v2\/posts"}],"about":[{"href":"http:\/\/staging.ibermusicas.org\/index.php\/wp-json\/wp\/v2\/types\/post"}],"author":[{"embeddable":true,"href":"http:\/\/staging.ibermusicas.org\/index.php\/wp-json\/wp\/v2\/users\/7"}],"replies":[{"embeddable":true,"href":"http:\/\/staging.ibermusicas.org\/index.php\/wp-json\/wp\/v2\/comments?post=18276"}],"version-history":[{"count":1,"href":"http:\/\/staging.ibermusicas.org\/index.php\/wp-json\/wp\/v2\/posts\/18276\/revisions"}],"predecessor-version":[{"id":18278,"href":"http:\/\/staging.ibermusicas.org\/index.php\/wp-json\/wp\/v2\/posts\/18276\/revisions\/18278"}],"wp:featuredmedia":[{"embeddable":true,"href":"http:\/\/staging.ibermusicas.org\/index.php\/wp-json\/wp\/v2\/media\/18277"}],"wp:attachment":[{"href":"http:\/\/staging.ibermusicas.org\/index.php\/wp-json\/wp\/v2\/media?parent=18276"}],"wp:term":[{"taxonomy":"category","embeddable":true,"href":"http:\/\/staging.ibermusicas.org\/index.php\/wp-json\/wp\/v2\/categories?post=18276"},{"taxonomy":"post_tag","embeddable":true,"href":"http:\/\/staging.ibermusicas.org\/index.php\/wp-json\/wp\/v2\/tags?post=18276"}],"curies":[{"name":"wp","href":"https:\/\/api.w.org\/{rel}","templated":true}]}}