{"id":18279,"date":"2024-03-27T04:17:39","date_gmt":"2024-03-27T04:17:39","guid":{"rendered":"http:\/\/staging.ibermusicas.org\/?p=18279"},"modified":"2024-04-29T17:32:55","modified_gmt":"2024-04-29T17:32:55","slug":"o-ensamble-kuatriada-do-chile-actua-na-alemanha","status":"publish","type":"post","link":"http:\/\/staging.ibermusicas.org\/index.php\/o-ensamble-kuatriada-do-chile-actua-na-alemanha\/","title":{"rendered":"O Ensamble Kuatriada do Chile actua na Alemanha"},"content":{"rendered":"<p>O Ensamble Kuatriada de M\u00fasica Latinoamericana Chilena, formado por m\u00fasicos de Valdivia e Berlim, atuar\u00e1 em diferentes palcos do III Festival Internacional Sonamos Latinoam\u00e9rica de Berlim.<\/p>\n<p>&nbsp;<\/p>\n<p>O ensemble Kuatriada \u00e9 um grupo de m\u00fasica instrumental de Valdivia, Chile. O seu repert\u00f3rio baseia-se em arranjos e composi\u00e7\u00f5es de m\u00fasica chilena latino-americana do seu diretor, o professor de m\u00fasica Alejandro Torres Farf\u00e1n, bem como de compositores nacionais e internacionais. O conjunto participou em diferentes apresenta\u00e7\u00f5es e concertos a n\u00edvel nacional e internacional. At\u00e9 \u00e0 data, o ensemble Kuatriada realizou tr\u00eas digress\u00f5es internacionais e gravou um \u00e1lbum com oito pe\u00e7as musicais. Os seus membros s\u00e3o alunos do Col\u00e9gio Bicenten\u00e1rio de M\u00fasica J. S. Bach de Valdivia, que tamb\u00e9m integram a Orquestra EgC do mesmo col\u00e9gio, com a qual gravaram tr\u00eas \u00e1lbuns e realizaram seis digress\u00f5es internacionais. O ensemble kuatriada combina os sons de: saxofone alto, flauta, quena, zampo\u00f1a, violino, acorde\u00e3o, piano e guitarra.<\/p>\n<p>&nbsp;<\/p>\n<p>O espet\u00e1culo de 26 de abril contar\u00e1 com a presen\u00e7a na sala de Mar\u00eda Magdalena Atria, embaixadora do Chile na Alemanha.<\/p>\n<p>&nbsp;<\/p>\n<ul>\n<li>Quinta-feira, 25 de abril, 11h00: Wilhelmstadt Schule<\/li>\n<li>Sexta-feira, 26 de abril: Calau<\/li>\n<li>Domingo, 28 de abril: Zitadelle-Spandau<\/li>\n<li>Ter\u00e7a-feira, 30 de abril: Mary Poppins Grundschule<\/li>\n<li>Cuarta-feira, 1 de maio: Binkenverda<\/li>\n<li>Sexta-feira, 3 de maio: Berlim<\/li>\n<\/ul>\n","protected":false},"excerpt":{"rendered":"<p>O Ensamble Kuatriada de M\u00fasica Latinoamericana Chilena, formado por m\u00fasicos de Valdivia e Berlim, atuar\u00e1 em diferentes palcos do III Festival Internacional Sonamos Latinoam\u00e9rica de Berlim. &nbsp; O ensemble Kuatriada \u00e9 um grupo de m\u00fasica instrumental de Valdivia, Chile. O seu repert\u00f3rio baseia-se em arranjos e composi\u00e7\u00f5es de m\u00fasica chilena latino-americana do seu diretor, o [&hellip;]<\/p>\n","protected":false},"author":7,"featured_media":18277,"comment_status":"closed","ping_status":"closed","sticky":false,"template":"","format":"standard","meta":{"footnotes":""},"categories":[218],"tags":[],"class_list":["post-18279","post","type-post","status-publish","format-standard","has-post-thumbnail","hentry","category-noticias-generales-pt"],"lang":"pt","translations":{"pt":18279,"es":18276},"pll_sync_post":[],"post_mailing_queue_ids":[],"_links":{"self":[{"href":"http:\/\/staging.ibermusicas.org\/index.php\/wp-json\/wp\/v2\/posts\/18279","targetHints":{"allow":["GET"]}}],"collection":[{"href":"http:\/\/staging.ibermusicas.org\/index.php\/wp-json\/wp\/v2\/posts"}],"about":[{"href":"http:\/\/staging.ibermusicas.org\/index.php\/wp-json\/wp\/v2\/types\/post"}],"author":[{"embeddable":true,"href":"http:\/\/staging.ibermusicas.org\/index.php\/wp-json\/wp\/v2\/users\/7"}],"replies":[{"embeddable":true,"href":"http:\/\/staging.ibermusicas.org\/index.php\/wp-json\/wp\/v2\/comments?post=18279"}],"version-history":[{"count":1,"href":"http:\/\/staging.ibermusicas.org\/index.php\/wp-json\/wp\/v2\/posts\/18279\/revisions"}],"predecessor-version":[{"id":18280,"href":"http:\/\/staging.ibermusicas.org\/index.php\/wp-json\/wp\/v2\/posts\/18279\/revisions\/18280"}],"wp:featuredmedia":[{"embeddable":true,"href":"http:\/\/staging.ibermusicas.org\/index.php\/wp-json\/wp\/v2\/media\/18277"}],"wp:attachment":[{"href":"http:\/\/staging.ibermusicas.org\/index.php\/wp-json\/wp\/v2\/media?parent=18279"}],"wp:term":[{"taxonomy":"category","embeddable":true,"href":"http:\/\/staging.ibermusicas.org\/index.php\/wp-json\/wp\/v2\/categories?post=18279"},{"taxonomy":"post_tag","embeddable":true,"href":"http:\/\/staging.ibermusicas.org\/index.php\/wp-json\/wp\/v2\/tags?post=18279"}],"curies":[{"name":"wp","href":"https:\/\/api.w.org\/{rel}","templated":true}]}}