{"id":18284,"date":"2024-03-27T04:22:13","date_gmt":"2024-03-27T04:22:13","guid":{"rendered":"http:\/\/staging.ibermusicas.org\/?p=18284"},"modified":"2024-04-29T17:32:48","modified_gmt":"2024-04-29T17:32:48","slug":"pim-pau-o-grupo-argentino-brasileiro-de-sucesso-dedicado-as-criancas-chega-ao-mexico","status":"publish","type":"post","link":"http:\/\/staging.ibermusicas.org\/index.php\/pim-pau-o-grupo-argentino-brasileiro-de-sucesso-dedicado-as-criancas-chega-ao-mexico\/","title":{"rendered":"Pim Pau, o grupo argentino-brasileiro de sucesso dedicado \u00e0s crian\u00e7as, chega ao M\u00e9xico"},"content":{"rendered":"<p>Pim Pau chega ao M\u00e9xico para o Dia das Crian\u00e7as com um espet\u00e1culo cheio de intera\u00e7\u00e3o, criatividade, humor e ritmo, para desfrutar de jogos e can\u00e7\u00f5es, para cantar e dan\u00e7ar com a fam\u00edlia e mergulhar num espet\u00e1culo onde a palavra \u00e9 um jogo, a m\u00fasica \u00e9 um brinquedo e o corpo \u00e9 um instrumento, num espet\u00e1culo para todas as idades.<\/p>\n<p>&nbsp;<\/p>\n<p>Al\u00e9m disso, haver\u00e1 uma forma\u00e7\u00e3o pedag\u00f3gica \u00abO corpo como territ\u00f3rio de emancipa\u00e7\u00e3o\u00bb com um convite a refletir e a analisar os temas transversais ao projeto. O objetivo \u00e9 p\u00f4r em jogo o pensamento, o corpo e o ritmo como recursos para o trabalho de grupo e a constru\u00e7\u00e3o de liga\u00e7\u00f5es. Ser\u00e3o apresentados diferentes processos, disparadores e atividades l\u00fadicas e musicais para o desenvolvimento de conte\u00fados art\u00edstico-pedag\u00f3gicos.<\/p>\n<p>Pim Pau \u00e9 um projeto argentino-brasileiro de arte e educa\u00e7\u00e3o para crian\u00e7as que se posicionou como uma das propostas mais atrativas para crian\u00e7as na Argentina e na Am\u00e9rica Latina.<\/p>\n<p>&nbsp;<\/p>\n<p>Desde o lan\u00e7amento do seu \u00e1lbum Recreio, em 2016, a banda j\u00e1 se apresentou em teatros e festivais na Argentina, M\u00e9xico, Chile, Col\u00f4mbia, Cuba, Peru, Uruguai, Paraguai e Brasil. Os seus v\u00eddeos acumularam milh\u00f5es de visualiza\u00e7\u00f5es no YouTube, e as suas can\u00e7\u00f5es s\u00e3o ouvidas e utilizadas para fins educativos em diferentes pa\u00edses da Am\u00e9rica e da Europa, como Fran\u00e7a, Espanha, Estados Unidos, Rep\u00fablica Checa, Brasil, Chile, M\u00e9xico e Col\u00f4mbia.<\/p>\n<p>&nbsp;<\/p>\n<p>Desde a apresenta\u00e7\u00e3o do seu segundo \u00e1lbum, Cora\u00e7\u00e3o de crian\u00e7a, em 2019, a banda consolidou-se como uma proposta inovadora, diferente e apelativa. Em 2021, publicaram o seu primeiro livro: Arte e educa\u00e7\u00e3o nas\u00a0 inf\u00e2ncias, que percorre a abordagem pedag\u00f3gica deste projeto que surgiu no trabalho dos professores, na sala de aula e no palco para posicionar o jogo como o centro das atividades para as crian\u00e7as. Em 2022, lan\u00e7ou a cole\u00e7\u00e3o Pipoca, uma cole\u00e7\u00e3o de livros em cart\u00e3o para a primeira inf\u00e2ncia com tr\u00eas t\u00edtulos j\u00e1 publicados: Cora\u00e7\u00e3o de Milho, A tartaruga e Abra\u00e7a as minhas pegadas..<\/p>\n<p>&nbsp;<\/p>\n<p>Em 2023, lan\u00e7ou o seu terceiro \u00e1lbum, Upa (2023), que nos convida a esse estado de novidade e descoberta constante dos primeiros anos de vida de um beb\u00e9.<\/p>\n<p>&nbsp;<\/p>\n<p>Pim Pau \u00e9 composto por: Cassio Carvalho, Eva Harvez e Lucho Milocco. Todos eles s\u00e3o professores, artistas e produtores audiovisuais.<\/p>\n<p>&nbsp;<\/p>\n<ul>\n<li>27 de abril concerto em Monterrey<\/li>\n<li>28 de abril concerto no Festival Revuelo no CENART (Centro Nacional das Artes)<\/li>\n<li>1 de maio, encontro de forma\u00e7\u00e3o na Cidade do M\u00e9xico<\/li>\n<li>Concerto a 5 de maio no Teatro de la Ciudad, CDMX<\/li>\n<\/ul>\n","protected":false},"excerpt":{"rendered":"<p>Pim Pau chega ao M\u00e9xico para o Dia das Crian\u00e7as com um espet\u00e1culo cheio de intera\u00e7\u00e3o, criatividade, humor e ritmo, para desfrutar de jogos e can\u00e7\u00f5es, para cantar e dan\u00e7ar com a fam\u00edlia e mergulhar num espet\u00e1culo onde a palavra \u00e9 um jogo, a m\u00fasica \u00e9 um brinquedo e o corpo \u00e9 um instrumento, num [&hellip;]<\/p>\n","protected":false},"author":7,"featured_media":18282,"comment_status":"closed","ping_status":"closed","sticky":false,"template":"","format":"standard","meta":{"footnotes":""},"categories":[218],"tags":[],"class_list":["post-18284","post","type-post","status-publish","format-standard","has-post-thumbnail","hentry","category-noticias-generales-pt"],"lang":"pt","translations":{"pt":18284,"es":18281},"pll_sync_post":[],"post_mailing_queue_ids":[],"_links":{"self":[{"href":"http:\/\/staging.ibermusicas.org\/index.php\/wp-json\/wp\/v2\/posts\/18284","targetHints":{"allow":["GET"]}}],"collection":[{"href":"http:\/\/staging.ibermusicas.org\/index.php\/wp-json\/wp\/v2\/posts"}],"about":[{"href":"http:\/\/staging.ibermusicas.org\/index.php\/wp-json\/wp\/v2\/types\/post"}],"author":[{"embeddable":true,"href":"http:\/\/staging.ibermusicas.org\/index.php\/wp-json\/wp\/v2\/users\/7"}],"replies":[{"embeddable":true,"href":"http:\/\/staging.ibermusicas.org\/index.php\/wp-json\/wp\/v2\/comments?post=18284"}],"version-history":[{"count":2,"href":"http:\/\/staging.ibermusicas.org\/index.php\/wp-json\/wp\/v2\/posts\/18284\/revisions"}],"predecessor-version":[{"id":18379,"href":"http:\/\/staging.ibermusicas.org\/index.php\/wp-json\/wp\/v2\/posts\/18284\/revisions\/18379"}],"wp:featuredmedia":[{"embeddable":true,"href":"http:\/\/staging.ibermusicas.org\/index.php\/wp-json\/wp\/v2\/media\/18282"}],"wp:attachment":[{"href":"http:\/\/staging.ibermusicas.org\/index.php\/wp-json\/wp\/v2\/media?parent=18284"}],"wp:term":[{"taxonomy":"category","embeddable":true,"href":"http:\/\/staging.ibermusicas.org\/index.php\/wp-json\/wp\/v2\/categories?post=18284"},{"taxonomy":"post_tag","embeddable":true,"href":"http:\/\/staging.ibermusicas.org\/index.php\/wp-json\/wp\/v2\/tags?post=18284"}],"curies":[{"name":"wp","href":"https:\/\/api.w.org\/{rel}","templated":true}]}}