{"id":18286,"date":"2024-03-27T04:26:31","date_gmt":"2024-03-27T04:26:31","guid":{"rendered":"http:\/\/staging.ibermusicas.org\/?p=18286"},"modified":"2024-04-29T17:36:33","modified_gmt":"2024-04-29T17:36:33","slug":"comienza-rios-voladores-un-proyecto-del-programa-clandestino-de-radio-eixo-de-brasilia-dedicado-exclusivamente-a-la-musica-popular-de-la-cuenca-amazonica","status":"publish","type":"post","link":"http:\/\/staging.ibermusicas.org\/index.php\/comienza-rios-voladores-un-proyecto-del-programa-clandestino-de-radio-eixo-de-brasilia-dedicado-exclusivamente-a-la-musica-popular-de-la-cuenca-amazonica\/","title":{"rendered":"Comienza \u00abR\u00edos Voladores\u00bb, un proyecto del programa Clandestino de R\u00e1dio Eixo de Bras\u00edlia dedicado exclusivamente a la m\u00fasica popular de la cuenca amaz\u00f3nica"},"content":{"rendered":"<p>As\u00ed como ocurre con el fen\u00f3meno natural de los \u00abr\u00edos voladores\u00bb de la Amazonia, masas de aire cargadas de agua que fluyen creando caminos vitales y garantizando la continuidad de los ciclos biol\u00f3gicos, de la misma manera, la cultura musical de la regi\u00f3n fluye por caminos a veces menos evidentes desde el exterior, pero responsables de mantener y reforzar la identidad regional. Los r\u00edos voladores fluyen por la Amazonia, interconectando seres y creando rutas de intercambio vitales de forma sutil pero poderosa, de igual modo, los intercambios musicales y culturales amaz\u00f3nicos crean v\u00ednculos poderosos, aunque discretos.<\/p>\n<p>&nbsp;<\/p>\n<p>El Proyecto \u00abR\u00edos Voladores\u00bb consiste en un programa de webradio did\u00e1ctico y musical sobre las influencias musicales y culturales que han impregnado el sonido y la expresividad de los pueblos de la cuenca amaz\u00f3nica, creando un complejo cultural transnacional que consolida una identidad regional propia, que escapa a los grandes centros de difusi\u00f3n cultural de las metr\u00f3polis de los pa\u00edses implicados.<\/p>\n<p>&nbsp;<\/p>\n<p>Se trata de una serie de ediciones especiales (cinco entregas) del Programa Clandestino de R\u00e1dio Eixo<\/p>\n<p>(Brasilia, DF), dedicado exclusivamente a la m\u00fasica popular de la cuenca amaz\u00f3nica. Incluir\u00e1 investigaci\u00f3n y curadur\u00eda especiales, y dar\u00e1 visibilidad a artistas, gestores o investigadores del fen\u00f3meno cultural en cuesti\u00f3n. El formato ser\u00e1 un podcast musical, que incluir\u00e1 discursos explicativos y piezas musicales.<\/p>\n<p>&nbsp;<\/p>\n<p>En el proyecto participan Yago Qui\u00f1ones Triana (Colombia), Gustavo Pozzobon (Brasil) y Manuel Souto (Uruguay).<\/p>\n<p>&nbsp;<\/p>\n<p>Abril, mayo y junio de 2024<\/p>\n<p>www.radioeixo.com.br<\/p>\n","protected":false},"excerpt":{"rendered":"<p>As\u00ed como ocurre con el fen\u00f3meno natural de los \u00abr\u00edos voladores\u00bb de la Amazonia, masas de aire cargadas de agua que fluyen creando caminos vitales y garantizando la continuidad de los ciclos biol\u00f3gicos, de la misma manera, la cultura musical de la regi\u00f3n fluye por caminos a veces menos evidentes desde el exterior, pero responsables [&hellip;]<\/p>\n","protected":false},"author":7,"featured_media":18287,"comment_status":"closed","ping_status":"closed","sticky":false,"template":"","format":"standard","meta":{"footnotes":""},"categories":[53],"tags":[],"class_list":["post-18286","post","type-post","status-publish","format-standard","has-post-thumbnail","hentry","category-noticias-generales"],"lang":"es","translations":{"es":18286,"pt":18289},"pll_sync_post":[],"post_mailing_queue_ids":[],"_links":{"self":[{"href":"http:\/\/staging.ibermusicas.org\/index.php\/wp-json\/wp\/v2\/posts\/18286","targetHints":{"allow":["GET"]}}],"collection":[{"href":"http:\/\/staging.ibermusicas.org\/index.php\/wp-json\/wp\/v2\/posts"}],"about":[{"href":"http:\/\/staging.ibermusicas.org\/index.php\/wp-json\/wp\/v2\/types\/post"}],"author":[{"embeddable":true,"href":"http:\/\/staging.ibermusicas.org\/index.php\/wp-json\/wp\/v2\/users\/7"}],"replies":[{"embeddable":true,"href":"http:\/\/staging.ibermusicas.org\/index.php\/wp-json\/wp\/v2\/comments?post=18286"}],"version-history":[{"count":1,"href":"http:\/\/staging.ibermusicas.org\/index.php\/wp-json\/wp\/v2\/posts\/18286\/revisions"}],"predecessor-version":[{"id":18288,"href":"http:\/\/staging.ibermusicas.org\/index.php\/wp-json\/wp\/v2\/posts\/18286\/revisions\/18288"}],"wp:featuredmedia":[{"embeddable":true,"href":"http:\/\/staging.ibermusicas.org\/index.php\/wp-json\/wp\/v2\/media\/18287"}],"wp:attachment":[{"href":"http:\/\/staging.ibermusicas.org\/index.php\/wp-json\/wp\/v2\/media?parent=18286"}],"wp:term":[{"taxonomy":"category","embeddable":true,"href":"http:\/\/staging.ibermusicas.org\/index.php\/wp-json\/wp\/v2\/categories?post=18286"},{"taxonomy":"post_tag","embeddable":true,"href":"http:\/\/staging.ibermusicas.org\/index.php\/wp-json\/wp\/v2\/tags?post=18286"}],"curies":[{"name":"wp","href":"https:\/\/api.w.org\/{rel}","templated":true}]}}