{"id":18289,"date":"2024-03-27T04:27:58","date_gmt":"2024-03-27T04:27:58","guid":{"rendered":"http:\/\/staging.ibermusicas.org\/?p=18289"},"modified":"2024-04-29T17:32:43","modified_gmt":"2024-04-29T17:32:43","slug":"inicia-rios-voadores-projeto-do-programa-clandestino-da-radio-eixo-de-brasilia-dedicado-exclusivamente-a-musica-popular-da-bacia-do-amazonas","status":"publish","type":"post","link":"http:\/\/staging.ibermusicas.org\/index.php\/inicia-rios-voadores-projeto-do-programa-clandestino-da-radio-eixo-de-brasilia-dedicado-exclusivamente-a-musica-popular-da-bacia-do-amazonas\/","title":{"rendered":"Inicia \u201cRios Voadores\u201d, projeto do Programa Clandestino da R\u00e1dio Eixo de Bras\u00edlia dedicado exclusivamente \u00e0 m\u00fasica popular da bacia do Amazonas"},"content":{"rendered":"<p>Assim como acontece com o fen\u00f4meno natural dos \u201crios voadores\u201d da Amaz\u00f4nia, massas de ar carregadas de \u00e1gua que fluem criando percursos vitais e garantindo a continuidade dos ciclos biol\u00f3gicos, da mesma forma, a cultura musical da regi\u00e3o flui por caminhos por vezes menos evidentes desde fora, mas que se encarregam de manter e refor\u00e7ar a identidade regional. Os rios voadores fluem pela Amaz\u00f4nia, interligando os seres e criando rotas de trocas vitais de forma sutil, mas poderosa, assim mesmo, as trocas musicais e culturais amaz\u00f4nicas criam v\u00ednculos poderosos, ainda que discretos.<\/p>\n<p>&nbsp;<\/p>\n<p>O Projeto \u201cRios Voadores\u201d consiste em um programa did\u00e1tico e musical de webradio sobre as influ\u00eancias musicais e culturais que t\u00eam permeado a sonoridade e expressividade dos povos da bacia amaz\u00f4nica, criando um complexo cultural transnacional que consolida uma identidade regional pr\u00f3pria, que foge dos grandes centros de difus\u00e3o cultural das metr\u00f3poles dos pa\u00edses envolvidos.<\/p>\n<p>&nbsp;<\/p>\n<p>Trata-se de uma s\u00e9rie de edi\u00e7\u00f5es especiais (cinco entregas) do Programa Clandestino da R\u00e1dio Eixo<\/p>\n<p>(Bras\u00edlia, DF), dedicado exclusivamente \u00e0 m\u00fasica popular da bacia do Amazonas. Incluindo uma pesquisa e curadoria particular e a visibiliza\u00e7\u00e3o de artistas, gestores ou pesquisadores do fen\u00f4meno cultural tratado. O formato ser\u00e1 um podcast musical, incluindo falas explicativas e pe\u00e7as musicais.<\/p>\n<p>&nbsp;<\/p>\n<p>O projeto envolve a Yago Qui\u00f1ones Triana (Col\u00f4mbia), Gustavo Pozzobon (Brasil) e Manuel Souto (Uruguai).<\/p>\n<p>&nbsp;<\/p>\n<p>Abril, maio e junho de 2024<\/p>\n<p>www.radioeixo.com.br<\/p>\n","protected":false},"excerpt":{"rendered":"<p>Assim como acontece com o fen\u00f4meno natural dos \u201crios voadores\u201d da Amaz\u00f4nia, massas de ar carregadas de \u00e1gua que fluem criando percursos vitais e garantindo a continuidade dos ciclos biol\u00f3gicos, da mesma forma, a cultura musical da regi\u00e3o flui por caminhos por vezes menos evidentes desde fora, mas que se encarregam de manter e refor\u00e7ar [&hellip;]<\/p>\n","protected":false},"author":7,"featured_media":18287,"comment_status":"closed","ping_status":"closed","sticky":false,"template":"","format":"standard","meta":{"footnotes":""},"categories":[218],"tags":[],"class_list":["post-18289","post","type-post","status-publish","format-standard","has-post-thumbnail","hentry","category-noticias-generales-pt"],"lang":"pt","translations":{"pt":18289,"es":18286},"pll_sync_post":[],"post_mailing_queue_ids":[],"_links":{"self":[{"href":"http:\/\/staging.ibermusicas.org\/index.php\/wp-json\/wp\/v2\/posts\/18289","targetHints":{"allow":["GET"]}}],"collection":[{"href":"http:\/\/staging.ibermusicas.org\/index.php\/wp-json\/wp\/v2\/posts"}],"about":[{"href":"http:\/\/staging.ibermusicas.org\/index.php\/wp-json\/wp\/v2\/types\/post"}],"author":[{"embeddable":true,"href":"http:\/\/staging.ibermusicas.org\/index.php\/wp-json\/wp\/v2\/users\/7"}],"replies":[{"embeddable":true,"href":"http:\/\/staging.ibermusicas.org\/index.php\/wp-json\/wp\/v2\/comments?post=18289"}],"version-history":[{"count":1,"href":"http:\/\/staging.ibermusicas.org\/index.php\/wp-json\/wp\/v2\/posts\/18289\/revisions"}],"predecessor-version":[{"id":18290,"href":"http:\/\/staging.ibermusicas.org\/index.php\/wp-json\/wp\/v2\/posts\/18289\/revisions\/18290"}],"wp:featuredmedia":[{"embeddable":true,"href":"http:\/\/staging.ibermusicas.org\/index.php\/wp-json\/wp\/v2\/media\/18287"}],"wp:attachment":[{"href":"http:\/\/staging.ibermusicas.org\/index.php\/wp-json\/wp\/v2\/media?parent=18289"}],"wp:term":[{"taxonomy":"category","embeddable":true,"href":"http:\/\/staging.ibermusicas.org\/index.php\/wp-json\/wp\/v2\/categories?post=18289"},{"taxonomy":"post_tag","embeddable":true,"href":"http:\/\/staging.ibermusicas.org\/index.php\/wp-json\/wp\/v2\/tags?post=18289"}],"curies":[{"name":"wp","href":"https:\/\/api.w.org\/{rel}","templated":true}]}}