{"id":18291,"date":"2024-03-27T04:29:16","date_gmt":"2024-03-27T04:29:16","guid":{"rendered":"http:\/\/staging.ibermusicas.org\/?p=18291"},"modified":"2024-04-29T17:35:57","modified_gmt":"2024-04-29T17:35:57","slug":"rios-la-red-iberoamericana-de-orquestas-sinfonicas-anuncia-sus-actividades-para-el-mes-de-abril","status":"publish","type":"post","link":"http:\/\/staging.ibermusicas.org\/index.php\/rios-la-red-iberoamericana-de-orquestas-sinfonicas-anuncia-sus-actividades-para-el-mes-de-abril\/","title":{"rendered":"RIOS, la red Iberoamericana de Orquestas Sinf\u00f3nicas anuncia sus actividades para el mes de abril"},"content":{"rendered":"<p>El 30 de abril habr\u00e1 una actividad virtual dedicada a la sustentabilidad, la\u00a0 m\u00fasica y la naturaleza propuesta por la Orquesta Sinf\u00f3nica de la Universidad EAFIT de Medell\u00edn, Colombia a cargo de Susana Palacios, jefe de la orquesta sinf\u00f3nica EAFIT. El encuentro girar\u00e1 sobre c\u00f3mo ha sido el reto de transformar la orquesta sinf\u00f3nica en una Orquesta verde que se conecta con los desaf\u00edos ambientales y sociales de la actualidad.<\/p>\n<p>&nbsp;<\/p>\n<p>RIOS, junto con la Orquesta Sinf\u00f3nica Nacional de Chile, y la Orquesta Sinf\u00f3nica Provincial de Rosario (AR) participar\u00e1 del Encuentro M\u00fasica que Transforma, organizado por Petrobras Sinf\u00f3nica en el mes abril en la ciudad de Rio de Janeiro. El encuentro promueve la integraci\u00f3n entre proyectos musicales sociales.<\/p>\n<p>&nbsp;<\/p>\n<p>Tambi\u00e9n habr\u00e1 una presentaci\u00f3n de RIOS en el encuentro MICSUR de Santiago de Chile.<\/p>\n","protected":false},"excerpt":{"rendered":"<p>El 30 de abril habr\u00e1 una actividad virtual dedicada a la sustentabilidad, la\u00a0 m\u00fasica y la naturaleza propuesta por la Orquesta Sinf\u00f3nica de la Universidad EAFIT de Medell\u00edn, Colombia a cargo de Susana Palacios, jefe de la orquesta sinf\u00f3nica EAFIT. El encuentro girar\u00e1 sobre c\u00f3mo ha sido el reto de transformar la orquesta sinf\u00f3nica en [&hellip;]<\/p>\n","protected":false},"author":7,"featured_media":18293,"comment_status":"closed","ping_status":"closed","sticky":false,"template":"","format":"standard","meta":{"footnotes":""},"categories":[53],"tags":[],"class_list":["post-18291","post","type-post","status-publish","format-standard","has-post-thumbnail","hentry","category-noticias-generales"],"lang":"es","translations":{"es":18291,"pt":18295},"pll_sync_post":[],"post_mailing_queue_ids":[],"_links":{"self":[{"href":"http:\/\/staging.ibermusicas.org\/index.php\/wp-json\/wp\/v2\/posts\/18291","targetHints":{"allow":["GET"]}}],"collection":[{"href":"http:\/\/staging.ibermusicas.org\/index.php\/wp-json\/wp\/v2\/posts"}],"about":[{"href":"http:\/\/staging.ibermusicas.org\/index.php\/wp-json\/wp\/v2\/types\/post"}],"author":[{"embeddable":true,"href":"http:\/\/staging.ibermusicas.org\/index.php\/wp-json\/wp\/v2\/users\/7"}],"replies":[{"embeddable":true,"href":"http:\/\/staging.ibermusicas.org\/index.php\/wp-json\/wp\/v2\/comments?post=18291"}],"version-history":[{"count":1,"href":"http:\/\/staging.ibermusicas.org\/index.php\/wp-json\/wp\/v2\/posts\/18291\/revisions"}],"predecessor-version":[{"id":18294,"href":"http:\/\/staging.ibermusicas.org\/index.php\/wp-json\/wp\/v2\/posts\/18291\/revisions\/18294"}],"wp:featuredmedia":[{"embeddable":true,"href":"http:\/\/staging.ibermusicas.org\/index.php\/wp-json\/wp\/v2\/media\/18293"}],"wp:attachment":[{"href":"http:\/\/staging.ibermusicas.org\/index.php\/wp-json\/wp\/v2\/media?parent=18291"}],"wp:term":[{"taxonomy":"category","embeddable":true,"href":"http:\/\/staging.ibermusicas.org\/index.php\/wp-json\/wp\/v2\/categories?post=18291"},{"taxonomy":"post_tag","embeddable":true,"href":"http:\/\/staging.ibermusicas.org\/index.php\/wp-json\/wp\/v2\/tags?post=18291"}],"curies":[{"name":"wp","href":"https:\/\/api.w.org\/{rel}","templated":true}]}}