{"id":18295,"date":"2024-03-27T04:30:14","date_gmt":"2024-03-27T04:30:14","guid":{"rendered":"http:\/\/staging.ibermusicas.org\/?p=18295"},"modified":"2024-04-29T17:32:35","modified_gmt":"2024-04-29T17:32:35","slug":"rios-a-rede-ibero-americana-de-orquestras-sinfonicas-anuncia-suas-atividades-para-o-mes-de-abril","status":"publish","type":"post","link":"http:\/\/staging.ibermusicas.org\/index.php\/rios-a-rede-ibero-americana-de-orquestras-sinfonicas-anuncia-suas-atividades-para-o-mes-de-abril\/","title":{"rendered":"RIOS, a rede Ibero-americana de Orquestras Sinf\u00f4nicas, anuncia suas atividades para o m\u00eas de abril"},"content":{"rendered":"<p>No dia 30 de abril, haver\u00e1 uma atividade virtual dedicada \u00e0 sustentabilidade, m\u00fasica e natureza, proposta pela Orquestra Sinf\u00f4nica da Universidade EAFIT de Medell\u00edn, Col\u00f4mbia e liderada por Susana Palacios, diretora da Orquestra Sinf\u00f4nica da EAFIT. A reuni\u00e3o se concentrar\u00e1 em como tem sido o desaf\u00edo de transformar a orquestra sinf\u00f3nica numa Orquestra verde que se conecte com os desafios ambientais e sociais da atualidade.<\/p>\n<p>RIOS, juntamente com a Orquestra Sinf\u00f4nica Nacional do Chile e a Orquestra Sinf\u00f4nica Provincial de Ros\u00e1rio (AR), participar\u00e1 do Encontro M\u00fasica que Transforma, organizado pela Petrobras Sinf\u00f4nica em abril, na cidade do Rio de Janeiro. O encontro promove a integra\u00e7\u00e3o entre projetos musicais sociais.<\/p>\n<p>&nbsp;<\/p>\n<p>Haver\u00e1 tamb\u00e9m uma apresenta\u00e7\u00e3o do RIOS na reuni\u00e3o do MICSUR em Santiago do Chile.<\/p>\n","protected":false},"excerpt":{"rendered":"<p>No dia 30 de abril, haver\u00e1 uma atividade virtual dedicada \u00e0 sustentabilidade, m\u00fasica e natureza, proposta pela Orquestra Sinf\u00f4nica da Universidade EAFIT de Medell\u00edn, Col\u00f4mbia e liderada por Susana Palacios, diretora da Orquestra Sinf\u00f4nica da EAFIT. A reuni\u00e3o se concentrar\u00e1 em como tem sido o desaf\u00edo de transformar a orquestra sinf\u00f3nica numa Orquestra verde que [&hellip;]<\/p>\n","protected":false},"author":7,"featured_media":18293,"comment_status":"closed","ping_status":"closed","sticky":false,"template":"","format":"standard","meta":{"footnotes":""},"categories":[218],"tags":[],"class_list":["post-18295","post","type-post","status-publish","format-standard","has-post-thumbnail","hentry","category-noticias-generales-pt"],"lang":"pt","translations":{"pt":18295,"es":18291},"pll_sync_post":[],"post_mailing_queue_ids":[],"_links":{"self":[{"href":"http:\/\/staging.ibermusicas.org\/index.php\/wp-json\/wp\/v2\/posts\/18295","targetHints":{"allow":["GET"]}}],"collection":[{"href":"http:\/\/staging.ibermusicas.org\/index.php\/wp-json\/wp\/v2\/posts"}],"about":[{"href":"http:\/\/staging.ibermusicas.org\/index.php\/wp-json\/wp\/v2\/types\/post"}],"author":[{"embeddable":true,"href":"http:\/\/staging.ibermusicas.org\/index.php\/wp-json\/wp\/v2\/users\/7"}],"replies":[{"embeddable":true,"href":"http:\/\/staging.ibermusicas.org\/index.php\/wp-json\/wp\/v2\/comments?post=18295"}],"version-history":[{"count":1,"href":"http:\/\/staging.ibermusicas.org\/index.php\/wp-json\/wp\/v2\/posts\/18295\/revisions"}],"predecessor-version":[{"id":18296,"href":"http:\/\/staging.ibermusicas.org\/index.php\/wp-json\/wp\/v2\/posts\/18295\/revisions\/18296"}],"wp:featuredmedia":[{"embeddable":true,"href":"http:\/\/staging.ibermusicas.org\/index.php\/wp-json\/wp\/v2\/media\/18293"}],"wp:attachment":[{"href":"http:\/\/staging.ibermusicas.org\/index.php\/wp-json\/wp\/v2\/media?parent=18295"}],"wp:term":[{"taxonomy":"category","embeddable":true,"href":"http:\/\/staging.ibermusicas.org\/index.php\/wp-json\/wp\/v2\/categories?post=18295"},{"taxonomy":"post_tag","embeddable":true,"href":"http:\/\/staging.ibermusicas.org\/index.php\/wp-json\/wp\/v2\/tags?post=18295"}],"curies":[{"name":"wp","href":"https:\/\/api.w.org\/{rel}","templated":true}]}}