{"id":18332,"date":"2024-04-12T18:08:59","date_gmt":"2024-04-12T18:08:59","guid":{"rendered":"http:\/\/staging.ibermusicas.org\/?p=18332"},"modified":"2024-04-29T17:35:43","modified_gmt":"2024-04-29T17:35:43","slug":"cana-dulce-y-cana-brava-inicia-su-segunda-gira-por-los-estados-unidos","status":"publish","type":"post","link":"http:\/\/staging.ibermusicas.org\/index.php\/cana-dulce-y-cana-brava-inicia-su-segunda-gira-por-los-estados-unidos\/","title":{"rendered":"Ca\u00f1a Dulce y Ca\u00f1a Brava inicia su segunda gira por los Estados Unidos"},"content":{"rendered":"<p>La propuesta de son jarocho tradicional interpretada por mujeres tendr\u00e1 conciertos, talleres, conversatorios y fandangos del 5 al 21 de abril en los estados de Maine, Maryland, Massachusetts, Nueva York, Pensilvania y Rhode Island, Estados Unidos. Las actividades incluyen presentaciones en salas de conciertos de prestigio, como el hist\u00f3rico Club Passim en Cambridge, MA, as\u00ed como actividades comunitarias en escuelas p\u00fablicas en los estados de Maine y Nueva York, un jam en Nyack, Nueva York, y 3 talleres en los estados de Maine, Maryland y Pensilvania.<\/p>\n<p>&nbsp;<\/p>\n<p>Ca\u00f1a Dulce y Ca\u00f1a Brava tiene por objetivo ampliar la difusi\u00f3n de la m\u00fasica, danza y poes\u00eda originaria del estado de Veracruz, as\u00ed como ofrecer un acercamiento a la cultura mexicana con un espect\u00e1culo de calidad y \u00fanico en su tipo. Con m\u00e1s de 15 a\u00f1os de trayectoria y presentaciones en \u00c1frica, Asia, Europa, Norte y Sur Am\u00e9rica, las dulces y bravas se han ganado el respeto y gusto de la gente, por ofrecer un espect\u00e1culo distinto dentro del universo del son jarocho, el cual ha sido tradicionalmente dominado por hombres. Ofrecen una mirada distinta a los sones tradicionales, con arreglos innovadores, versos y acentos sonoros desde una perspectiva femenina.<\/p>\n<p>&nbsp;<\/p>\n<p>El son jarocho es una expresi\u00f3n cultural que nace en el estado de Veracruz tras el encuentro de migrantes europeos y africanos con poblaciones nativas. M\u00fasica, danza y poes\u00eda son parte de las expresiones que combina este g\u00e9nero y cuya m\u00e1xima expresi\u00f3n sucede en los fandangos, las fiestas donde la comunidad se re\u00fane para celebrar la vida.<\/p>\n<p><strong>\u00a0<\/strong><\/p>\n<p>Esta gira es resultado de un apoyo especial entre el programa Iberm\u00fasicas y la organizaci\u00f3n Mid Atlantic Arts que posibilita la circulaci\u00f3n art\u00edstica de propuestas iberoamericanas en Estados Unidos. Con esta alianza internacional, se reducen las barreras y se crean puentes que promueven los intercambios culturales y fomentan el entendimiento entre distintas nacionalidades.<\/p>\n<p><strong>\u00a0<\/strong><\/p>\n<p><strong>\u00a0<\/strong><\/p>\n<ul>\n<li>Del 5 al 21 de abril en Maine, Maryland, Massachusetts, Nueva York, Pensilvania y Rhode Island<\/li>\n<\/ul>\n","protected":false},"excerpt":{"rendered":"<p>La propuesta de son jarocho tradicional interpretada por mujeres tendr\u00e1 conciertos, talleres, conversatorios y fandangos del 5 al 21 de abril en los estados de Maine, Maryland, Massachusetts, Nueva York, Pensilvania y Rhode Island, Estados Unidos. Las actividades incluyen presentaciones en salas de conciertos de prestigio, como el hist\u00f3rico Club Passim en Cambridge, MA, as\u00ed [&hellip;]<\/p>\n","protected":false},"author":7,"featured_media":18333,"comment_status":"closed","ping_status":"closed","sticky":false,"template":"","format":"standard","meta":{"footnotes":""},"categories":[53],"tags":[],"class_list":["post-18332","post","type-post","status-publish","format-standard","has-post-thumbnail","hentry","category-noticias-generales"],"lang":"es","translations":{"es":18332,"pt":18335},"pll_sync_post":[],"post_mailing_queue_ids":[],"_links":{"self":[{"href":"http:\/\/staging.ibermusicas.org\/index.php\/wp-json\/wp\/v2\/posts\/18332","targetHints":{"allow":["GET"]}}],"collection":[{"href":"http:\/\/staging.ibermusicas.org\/index.php\/wp-json\/wp\/v2\/posts"}],"about":[{"href":"http:\/\/staging.ibermusicas.org\/index.php\/wp-json\/wp\/v2\/types\/post"}],"author":[{"embeddable":true,"href":"http:\/\/staging.ibermusicas.org\/index.php\/wp-json\/wp\/v2\/users\/7"}],"replies":[{"embeddable":true,"href":"http:\/\/staging.ibermusicas.org\/index.php\/wp-json\/wp\/v2\/comments?post=18332"}],"version-history":[{"count":1,"href":"http:\/\/staging.ibermusicas.org\/index.php\/wp-json\/wp\/v2\/posts\/18332\/revisions"}],"predecessor-version":[{"id":18334,"href":"http:\/\/staging.ibermusicas.org\/index.php\/wp-json\/wp\/v2\/posts\/18332\/revisions\/18334"}],"wp:featuredmedia":[{"embeddable":true,"href":"http:\/\/staging.ibermusicas.org\/index.php\/wp-json\/wp\/v2\/media\/18333"}],"wp:attachment":[{"href":"http:\/\/staging.ibermusicas.org\/index.php\/wp-json\/wp\/v2\/media?parent=18332"}],"wp:term":[{"taxonomy":"category","embeddable":true,"href":"http:\/\/staging.ibermusicas.org\/index.php\/wp-json\/wp\/v2\/categories?post=18332"},{"taxonomy":"post_tag","embeddable":true,"href":"http:\/\/staging.ibermusicas.org\/index.php\/wp-json\/wp\/v2\/tags?post=18332"}],"curies":[{"name":"wp","href":"https:\/\/api.w.org\/{rel}","templated":true}]}}