{"id":18361,"date":"2024-04-23T14:34:11","date_gmt":"2024-04-23T14:34:11","guid":{"rendered":"http:\/\/staging.ibermusicas.org\/?p=18361"},"modified":"2024-08-28T18:17:54","modified_gmt":"2024-08-28T18:17:54","slug":"renovacion-de-autoridades-del-programa-ibermusicas-en-la-xxi-reunion-del-consejo-intergubernamental","status":"publish","type":"post","link":"http:\/\/staging.ibermusicas.org\/index.php\/renovacion-de-autoridades-del-programa-ibermusicas-en-la-xxi-reunion-del-consejo-intergubernamental\/","title":{"rendered":"Brasil asume la presidencia del Programa Iberm\u00fasicas"},"content":{"rendered":"<p><span style=\"font-weight: 400;\">El Programa Iberm\u00fasicas acaba de elegir a la nueva presidencia de su Consejo Intergubernamental.\u00a0<\/span><\/p>\n<p><span style=\"font-weight: 400;\">La Directora de M\u00fasica de la Fundaci\u00f3n Nacional de las Artes de Brasil, Eul\u00edcia Esteves, es la nueva presidenta. Sustituye a Camila Gallardo Valenzuela, representante de Chile.<\/span><\/p>\n<p><span style=\"font-weight: 400;\">Reunidos en Chile del 17 al 20 de abril, los miembros del Consejo eligieron por unanimidad a Brasil para el pr\u00f3ximo mandato de tres a\u00f1os. Es la primera vez que un pa\u00eds de habla portuguesa ocupa este puesto. Es la segunda vez que una mujer toma el tim\u00f3n del programa.<\/span><\/p>\n<p><span style=\"font-weight: 400;\">La elecci\u00f3n de Brasil refuerza el compromiso de Iberm\u00fasicas con el multiling\u00fcismo y la diversidad musical y cultural, adem\u00e1s de reconocer lo mucho que el pa\u00eds ha contribuido a la expansi\u00f3n y desarrollo del Programa.<\/span><\/p>\n<p><span style=\"font-weight: 400;\">Brasil adhiri\u00f3 a Iberm\u00fasicas en 2012 y Eul\u00edcia Esteves particip\u00f3 en sus primeras reuniones. Para ella, <\/span><i><span style=\"font-weight: 400;\">\u00abes un honor, una gran responsabilidad y un placer poder presidir este Consejo. Cada d\u00eda, el Programa Iberm\u00fasicas afirma nuestra capacidad para seguir construyendo un mundo mejor en el que la m\u00fasica, adem\u00e1s de difundir belleza, una a las personas, fomente la solidaridad y contribuya al desarrollo humano, social y econ\u00f3mico.\u00bb<\/span><\/i><\/p>\n<p><span style=\"font-weight: 400;\">Asimismo, fue renovado el Comit\u00e9 Ejecutivo, que pasa a estar integrado por Colombia, Costa Rica, M\u00e9xico, Per\u00fa y Portugal, y la presidencia del Programa.<\/span><\/p>\n<p><span style=\"font-weight: 400;\">Esta vez, la reuni\u00f3n tuvo lugar en un contexto especial dado que fue realizada al mismo tiempo que MICSUR, el Mercado de las Industrias Culturales del Sur, celebrado tambi\u00e9n en Santiago de Chile. M\u00e1s que conveniente, la concomitancia fue fruct\u00edfera, ya que cre\u00f3 buenas conexiones entre los dos eventos, como los paneles sobre Iberm\u00fasicas en el programa del mercado y la presentaci\u00f3n del proyecto ganador de la convocatoria \u00abChile MICSUR Iberm\u00fasicas\u00bb en la ceremonia de clausura.<\/span><\/p>\n<p><span style=\"font-weight: 400;\">Felicitamos a Chile por el gran trabajo realizado durante su mandato y agradecemos a Camila Gallardo Valenzuela, Secretaria Ejecutiva del Consejo Nacional de Fomento Musical del Ministerio de las Culturas, las Artes y el Patrimonio de Chile, su esfuerzo y dedicaci\u00f3n.<\/span><\/p>\n","protected":false},"excerpt":{"rendered":"<p>El Programa Iberm\u00fasicas acaba de elegir a la nueva presidencia de su Consejo Intergubernamental.\u00a0 La Directora de M\u00fasica de la Fundaci\u00f3n Nacional de las Artes de Brasil, Eul\u00edcia Esteves, es la nueva presidenta. Sustituye a Camila Gallardo Valenzuela, representante de Chile. Reunidos en Chile del 17 al 20 de abril, los miembros del Consejo eligieron [&hellip;]<\/p>\n","protected":false},"author":7,"featured_media":18362,"comment_status":"closed","ping_status":"closed","sticky":false,"template":"","format":"standard","meta":{"footnotes":""},"categories":[53],"tags":[],"class_list":["post-18361","post","type-post","status-publish","format-standard","has-post-thumbnail","hentry","category-noticias-generales"],"lang":"es","translations":{"es":18361,"pt":18364},"pll_sync_post":[],"post_mailing_queue_ids":[],"_links":{"self":[{"href":"http:\/\/staging.ibermusicas.org\/index.php\/wp-json\/wp\/v2\/posts\/18361","targetHints":{"allow":["GET"]}}],"collection":[{"href":"http:\/\/staging.ibermusicas.org\/index.php\/wp-json\/wp\/v2\/posts"}],"about":[{"href":"http:\/\/staging.ibermusicas.org\/index.php\/wp-json\/wp\/v2\/types\/post"}],"author":[{"embeddable":true,"href":"http:\/\/staging.ibermusicas.org\/index.php\/wp-json\/wp\/v2\/users\/7"}],"replies":[{"embeddable":true,"href":"http:\/\/staging.ibermusicas.org\/index.php\/wp-json\/wp\/v2\/comments?post=18361"}],"version-history":[{"count":2,"href":"http:\/\/staging.ibermusicas.org\/index.php\/wp-json\/wp\/v2\/posts\/18361\/revisions"}],"predecessor-version":[{"id":18371,"href":"http:\/\/staging.ibermusicas.org\/index.php\/wp-json\/wp\/v2\/posts\/18361\/revisions\/18371"}],"wp:featuredmedia":[{"embeddable":true,"href":"http:\/\/staging.ibermusicas.org\/index.php\/wp-json\/wp\/v2\/media\/18362"}],"wp:attachment":[{"href":"http:\/\/staging.ibermusicas.org\/index.php\/wp-json\/wp\/v2\/media?parent=18361"}],"wp:term":[{"taxonomy":"category","embeddable":true,"href":"http:\/\/staging.ibermusicas.org\/index.php\/wp-json\/wp\/v2\/categories?post=18361"},{"taxonomy":"post_tag","embeddable":true,"href":"http:\/\/staging.ibermusicas.org\/index.php\/wp-json\/wp\/v2\/tags?post=18361"}],"curies":[{"name":"wp","href":"https:\/\/api.w.org\/{rel}","templated":true}]}}